{"id":52142,"date":"2016-08-11T07:24:19","date_gmt":"2016-08-11T10:24:19","guid":{"rendered":"http:\/\/argentinamunicipal.com.ar\/argentina\/?p=52142"},"modified":"2016-08-11T07:24:19","modified_gmt":"2016-08-11T10:24:19","slug":"macri-llamo-guerra-sucia-la-ultima-dictadura-dijo-desconocer-9-mil-30-mil-los-desaparecidos","status":"publish","type":"post","link":"http:\/\/argentinamunicipal.com.ar\/argentina\/macri-llamo-guerra-sucia-la-ultima-dictadura-dijo-desconocer-9-mil-30-mil-los-desaparecidos\/","title":{"rendered":"Macri llam\u00f3 \u00abguerra sucia\u00bb a la \u00faltima dictadura y dijo desconocer si eran \u00ab9 mil o 30 mil los desaparecidos\u00bb"},"content":{"rendered":"<p>En una entrevista con el sitio estadounidense BuzzFeed, sostuvo que el gobierno hace \u00abfoco en que se respeten los derechos humanos\u00bb, pero despu\u00e9s no va al juez a \u00abpresionarlo, a amenazarlo, a tratar de poner a un amigo\u00bb.<\/p>\n<p>El presidente Mauricio Macri llam\u00f3 hoy \u00abguerra sucia\u00bb a la \u00faltima dictadura, afirm\u00f3 que \u00abno\u00bb tiene \u00abidea si fueron 9 mil \u00f3 30 mil\u00bb los desaparecidos porque \u00abes una discusi\u00f3n que no tiene sentido\u00bb y remarc\u00f3 que \u00abla mayor prioridad\u00bb del Gobierno son los derechos humanos del siglo XXI.<\/p>\n<p>El jefe de Estado dijo que est\u00e1 \u00abde acuerdo\u00bb en que se esclarezca qu\u00e9 pas\u00f3 en la dictadura a trav\u00e9s de los juicios de lesa humanidad, pero advirti\u00f3 que no cree \u00aben la forma en que se condujo el gobierno anterior, donde interfiri\u00f3, presion\u00f3\u00bb a la Justicia porque \u00abesa no es la forma de disfrutar de una vida en democracia\u00bb.<\/p>\n<p>\u00abTodo lo que tenga que ver con esclarecer la verdad y que se llegue a saber qu\u00e9 pas\u00f3 en hechos del pasado es una prioridad\u00bb.<\/p>\n<p>Al ser consultado sobre si fueron 30 mil los desaparecidos, el mandatario respondi\u00f3: \u00abEs un debate en el que no voy a entrar. No tengo idea si fueron 9 o 30 mil. Si son los que est\u00e1n anotados en un muro o son muchos m\u00e1s. Es una discusi\u00f3n que no tiene sentido\u00bb.<\/p>\n<p>En una entrevista con el sitio estadounidense BuzzFeed, sostuvo que el gobierno hace \u00abfoco en que se respeten los derechos humanos\u00bb, pero despu\u00e9s no va al juez a \u00abpresionarlo, a amenazarlo, a tratar de poner a un amigo\u00bb.<\/p>\n<h6>Fuente: La Capital Rosario<\/h6>\n","protected":false},"excerpt":{"rendered":"<p>En una entrevista con el sitio estadounidense BuzzFeed, sostuvo que el gobierno hace \u00abfoco en que se respeten los derechos humanos\u00bb, pero despu\u00e9s no va al juez a \u00abpresionarlo, a amenazarlo, a tratar de poner a un amigo\u00bb.<\/p>\n","protected":false},"author":2,"featured_media":52143,"comment_status":"closed","ping_status":"closed","sticky":false,"template":"","format":"standard","meta":{"footnotes":""},"categories":[8],"tags":[21],"class_list":["post-52142","post","type-post","status-publish","format-standard","has-post-thumbnail","hentry","category-informe-nacional","tag-argentina"],"_links":{"self":[{"href":"http:\/\/argentinamunicipal.com.ar\/argentina\/wp-json\/wp\/v2\/posts\/52142","targetHints":{"allow":["GET"]}}],"collection":[{"href":"http:\/\/argentinamunicipal.com.ar\/argentina\/wp-json\/wp\/v2\/posts"}],"about":[{"href":"http:\/\/argentinamunicipal.com.ar\/argentina\/wp-json\/wp\/v2\/types\/post"}],"author":[{"embeddable":true,"href":"http:\/\/argentinamunicipal.com.ar\/argentina\/wp-json\/wp\/v2\/users\/2"}],"replies":[{"embeddable":true,"href":"http:\/\/argentinamunicipal.com.ar\/argentina\/wp-json\/wp\/v2\/comments?post=52142"}],"version-history":[{"count":0,"href":"http:\/\/argentinamunicipal.com.ar\/argentina\/wp-json\/wp\/v2\/posts\/52142\/revisions"}],"wp:featuredmedia":[{"embeddable":true,"href":"http:\/\/argentinamunicipal.com.ar\/argentina\/wp-json\/wp\/v2\/media\/52143"}],"wp:attachment":[{"href":"http:\/\/argentinamunicipal.com.ar\/argentina\/wp-json\/wp\/v2\/media?parent=52142"}],"wp:term":[{"taxonomy":"category","embeddable":true,"href":"http:\/\/argentinamunicipal.com.ar\/argentina\/wp-json\/wp\/v2\/categories?post=52142"},{"taxonomy":"post_tag","embeddable":true,"href":"http:\/\/argentinamunicipal.com.ar\/argentina\/wp-json\/wp\/v2\/tags?post=52142"}],"curies":[{"name":"wp","href":"https:\/\/api.w.org\/{rel}","templated":true}]}}