{"id":52148,"date":"2016-08-11T07:34:21","date_gmt":"2016-08-11T10:34:21","guid":{"rendered":"http:\/\/argentinamunicipal.com.ar\/argentina\/?p=52148"},"modified":"2016-08-11T07:47:09","modified_gmt":"2016-08-11T10:47:09","slug":"no-los-anticipan-cierres","status":"publish","type":"post","link":"http:\/\/argentinamunicipal.com.ar\/argentina\/no-los-anticipan-cierres\/","title":{"rendered":"\u201cNo son pocos los que anticipan cierres\u201d"},"content":{"rendered":"<p>Medio centenar de medios denunciaron que hay un \u201cpanorama oscuro\u201d a causa de la pol\u00edtica del Gobierno que beneficia \u201ca un grupo de grandes medios cercanos ideol\u00f3gicamente a Cambiemos\u201d y a las consecuencias de la pol\u00edtica econ\u00f3mica recesiva.<\/p>\n<p>Sin pauta oficial desde diciembre, la crisis financiera de los diarios del interior se profundiz\u00f3 y son varios los empresarios del sector que amenazan con bajar la persiana y dejar miles de trabajadores de prensa en la calle. \u201cEl panorama es m\u00e1s que oscuro y no son pocos los que anticipan cierres masivos\u201d, denuncia una editorial publicada el domingo a la que suscribieron medio centenar de diarios nucleados en la Asociaci\u00f3n de Diarios del Interior (Adira). Los diarios locales \u201cson los m\u00e1s afectados por la nueva pol\u00edtica de medios del gobierno del presidente Mauricio Macri\u201d, explican, dado que la pauta oficial dej\u00f3 de llegarles para beneficiar \u201ca un grupo de grandes medios nacionales cercanos ideol\u00f3gicamente a Cambiemos\u201d.<\/p>\n<p>La quita de pauta a los medios del interior \u201cpara d\u00e1rsela a los grandes medios de alcance nacional, entre ellos los poderosos diarios Clar\u00edn y La Naci\u00f3n, y las emisoras televisivas Canal 13 y Telef\u00e9\u201d, sentenciaron, \u201ces un grave ataque a la libertad de expresi\u00f3n\u201d.<\/p>\n<p>Del ahogo financiero, las asociaciones no s\u00f3lo hacen responsable a la pol\u00edtica de pauta oficial nacional, sino tambi\u00e9n al \u201cdesolador estado de la econom\u00eda, con pautas privadas en franca ca\u00edda y ventas de ejemplares en marcado retroceso\u201d y a \u201clas dif\u00edciles situaciones de los gobiernos provinciales y municipios que han reducido tambi\u00e9n dr\u00e1sticamente sus pautas\u201d.<\/p>\n<p>\u201cEstamos absolutamente preocupados por la situaci\u00f3n\u201d, sostuvo en di\u00e1logo con P\u00e1gina\/12 Juan Jos\u00e9 \u00c1lvarez, director de El Zonda de San Juan, uno de los diarios que public\u00f3 la editorial. \u00c1lvarez afirma que desde diciembre El Zonda dej\u00f3 de recibir pauta. Mientras que en 2015 recibi\u00f3 200 mil, \u201cuna cifra insignificante en comparaci\u00f3n con lo que reciben los grandes medios\u201d.<\/p>\n<p>\u201cNuestra crisis no es distinta de la de cualquier Pyme hoy\u201d, agreg\u00f3 \u00c1lvarez. \u201cLa recesi\u00f3n hizo que se contraiga la publicidad privada, que adem\u00e1s est\u00e1 fuertemente concentrada en Buenos Aires. Hoy, para las empresas, pautar es m\u00e1s un gasto que una inversi\u00f3n. Y la situaci\u00f3n se agrava en el interior. Si esto no cambia, en seis meses no s\u00e9 que va a ser de nosotros\u201d.<\/p>\n<p>El argumento del Gobierno fue que se est\u00e1 diagramando una \u201cnueva estrategia\u201d en el reparto de pauta, con mayor \u201ctransparencia\u201d que el gobierno anterior. \u201cNo se puede intentar corregir un error con otro error m\u00e1s grave\u201d, le contestaron las entidades. Para ellas, \u201cel acceso a la publicidad oficial por parte de los medios de comunicaci\u00f3n es un derecho y, a la vez, un eslab\u00f3n de la cadena que conforma el derecho al acceso a la informaci\u00f3n p\u00fablica que tienen todos los ciudadanos\u201d.<\/p>\n<p>El reclamo lleg\u00f3 en mayo al Senado. Durante un plenario de las comisiones de Sistemas, Medios de Comunicaci\u00f3n y Libertad de Expresi\u00f3n y de Derechos y Garant\u00edas del Senado, los titulares de Afera, Gustavo Isaack \u2013director de Ambito Financiero\u2013, y de Adira, Jorge Botta \u2013director de El Popular de Olavarria\u2013 reclamaron la sanci\u00f3n de una nueva ley de entidades culturales. Adem\u00e1s, protestaron por \u201clos altos costos de impresi\u00f3n\u201d a partir de la devaluaci\u00f3n.<\/p>\n<p>Las asociaciones de editores alertaron sobre la posibilidad de nuevos cierres, como sucedi\u00f3 con la La Ma\u00f1ana de C\u00f3rdoba, que dej\u00f3 de publicarse a principios de junio. Fueron 61 los trabajadores del diario que quedaron sin trabajo, muchos de los cuales decidieron organizarse en cooperativa y relanzar la publicaci\u00f3n de manera autogestiva. En lo que va del a\u00f1o, fueron dos mil los trabajadores de prensa que perdieron su empleo, la gran mayor\u00eda en medios de comunicaci\u00f3n del interior.<\/p>\n<p>Otros medios del interior, como el diario La Nueva Provincia de Bah\u00eda Blanca, decidieron empezar a salir menos d\u00edas por semana en papel para ahorrar costos. Para los editores el da\u00f1o puede ser irreparable por \u201cel rol fundamental que cumplen los medios regionales en el crecimiento de las distintas comunidades del interior, como expresi\u00f3n permanente de sus aspiraciones y en el reflejo a diario de las problem\u00e1ticas de la poblaci\u00f3n local\u201d.<\/p>\n<h6>Fuente: P\u00e1gina 12<\/h6>\n","protected":false},"excerpt":{"rendered":"<p>Medio centenar de medios denunciaron que hay un \u201cpanorama oscuro\u201d a causa de la pol\u00edtica del Gobierno que beneficia \u201ca un grupo de grandes medios cercanos ideol\u00f3gicamente a Cambiemos\u201d y a las consecuencias de la pol\u00edtica econ\u00f3mica recesiva.<\/p>\n","protected":false},"author":2,"featured_media":52156,"comment_status":"closed","ping_status":"closed","sticky":false,"template":"","format":"standard","meta":{"footnotes":""},"categories":[8],"tags":[21],"class_list":["post-52148","post","type-post","status-publish","format-standard","has-post-thumbnail","hentry","category-informe-nacional","tag-argentina"],"_links":{"self":[{"href":"http:\/\/argentinamunicipal.com.ar\/argentina\/wp-json\/wp\/v2\/posts\/52148","targetHints":{"allow":["GET"]}}],"collection":[{"href":"http:\/\/argentinamunicipal.com.ar\/argentina\/wp-json\/wp\/v2\/posts"}],"about":[{"href":"http:\/\/argentinamunicipal.com.ar\/argentina\/wp-json\/wp\/v2\/types\/post"}],"author":[{"embeddable":true,"href":"http:\/\/argentinamunicipal.com.ar\/argentina\/wp-json\/wp\/v2\/users\/2"}],"replies":[{"embeddable":true,"href":"http:\/\/argentinamunicipal.com.ar\/argentina\/wp-json\/wp\/v2\/comments?post=52148"}],"version-history":[{"count":0,"href":"http:\/\/argentinamunicipal.com.ar\/argentina\/wp-json\/wp\/v2\/posts\/52148\/revisions"}],"wp:featuredmedia":[{"embeddable":true,"href":"http:\/\/argentinamunicipal.com.ar\/argentina\/wp-json\/wp\/v2\/media\/52156"}],"wp:attachment":[{"href":"http:\/\/argentinamunicipal.com.ar\/argentina\/wp-json\/wp\/v2\/media?parent=52148"}],"wp:term":[{"taxonomy":"category","embeddable":true,"href":"http:\/\/argentinamunicipal.com.ar\/argentina\/wp-json\/wp\/v2\/categories?post=52148"},{"taxonomy":"post_tag","embeddable":true,"href":"http:\/\/argentinamunicipal.com.ar\/argentina\/wp-json\/wp\/v2\/tags?post=52148"}],"curies":[{"name":"wp","href":"https:\/\/api.w.org\/{rel}","templated":true}]}}