{"id":52157,"date":"2016-08-11T06:00:49","date_gmt":"2016-08-11T09:00:49","guid":{"rendered":"http:\/\/argentinamunicipal.com.ar\/argentina\/?p=52157"},"modified":"2016-08-11T07:54:00","modified_gmt":"2016-08-11T10:54:00","slug":"paralisis-la-construccion","status":"publish","type":"post","link":"http:\/\/argentinamunicipal.com.ar\/argentina\/paralisis-la-construccion\/","title":{"rendered":"Par\u00e1lisis de la construcci\u00f3n"},"content":{"rendered":"<p>Los distintos indicadores del sector coinciden en reflejar la fuerte contracci\u00f3n de la actividad de la primera mitad del a\u00f1o, que ya se prolonga a julio. La baja en las ventas de cemento van de la mano de las cifras de despidos y retracci\u00f3n en otros insumos.<\/p>\n<p>La venta de cemento registr\u00f3 en julio un descenso de 20,7 por ciento con respecto de igual mes del a\u00f1o pasado, mientras que en la comparaci\u00f3n contra junio fue de 1,3 por ciento, seg\u00fan cifras difundidas ayer por la Asociaci\u00f3n de F\u00e1bricas de Cemento Portland (AFCP). La paralizaci\u00f3n de la obra p\u00fablica, el menor financiamiento para la construcci\u00f3n de viviendas a trav\u00e9s del ProCreAr y de la banca p\u00fablica y privada, y una inversi\u00f3n destinada a nuevos emprendimientos inmobiliarios todav\u00eda paralizada, explican la ca\u00edda en la venta de insumos y el n\u00famero de cesanteados en el sector que, seg\u00fan el relevamiento de Cifra-CTA, ya asciende a 183.253 casos. El dato coincide con el adelanto del Indice Construya, que la semana pasada inform\u00f3 que la venta de insumos se retrajo un 23,9 por ciento en julio, la mayor ca\u00edda del a\u00f1o, pese a que el gobierno habla de claras se\u00f1ales de reactivaci\u00f3n econ\u00f3mica y arribo de inversiones.<\/p>\n<p>La actividad de la construcci\u00f3n comenz\u00f3 el segundo semestre con ca\u00eddas m\u00e1s elevadas respecto de las que se hab\u00edan registrado durante la primera mitad del a\u00f1o. El Indice Construya, que registra las ventas de los principales insumos del sector y funciona como un indicador adelantado de la evoluci\u00f3n de la construcci\u00f3n, arroj\u00f3 una ca\u00edda del 23,9 por ciento en julio, con lo que super\u00f3 los picos de baja de abril, de 22,3 por ciento, y de junio, de 21,3.<\/p>\n<p>El freno de la obra p\u00fablica fue uno de los principales elementos para explicar el derrumbe de la construcci\u00f3n y menores negocios para fabricantes de insumos clave como el cemento y las pinturas. La vivienda residencial tambi\u00e9n marc\u00f3 un retroceso en los \u00faltimos meses, por la incertidumbre a partir de la suba de los costos en el mercado interno. El \u00faltimo dato oficial del Indec, el ISAC de mayo, arroj\u00f3 una contracci\u00f3n de 12,9 por ciento, en tanto promedia en los primeros cinco meses una ca\u00edda interanual del 10,9 por ciento respecto de igual per\u00edodo del a\u00f1o pasado.<\/p>\n<p>En ese contexto, la asociaci\u00f3n de cementeras, que nuclea a las productoras Loma Negra, Holcim, Cementos Avellaneda y PCR, inform\u00f3 que en los primeros siete meses del a\u00f1o se verific\u00f3 una baja interanual de 15,2 por ciento en los despachos destinados al consumo interno. El informe de la AFCP atribuye el frenazo al \u201ccontexto recesivo que enfrenta la econom\u00eda local, junto con la decisi\u00f3n de la nueva administraci\u00f3n gubernamental que tuvo que paralizar un conjunto de obras de infraestructura para realizar auditor\u00edas, hacer m\u00e1s eficiente el uso de los recursos y corregir vac\u00edos normativos e irregularidades\u201d. El documento sostiene que ese retroceso, no obstante, estar\u00eda en curso de reversi\u00f3n y los analistas del sector no descartan que desde este mes, o el pr\u00f3ximo, las cifras demuestren que se toc\u00f3 un piso en la ca\u00edda.<\/p>\n<p>El descenso durante enero-julio se produce luego de observarse env\u00edos r\u00e9cord a lo largo de 2015, vinculados con el importante dinamismo de ese per\u00edodo en la construcci\u00f3n de viviendas y de las obras p\u00fablicas. Seg\u00fan la AFCP, la tendencia ascendente desde el piso de 2002 (con ligeras bajas en 2009 y 2014), toc\u00f3 su m\u00e1ximo nivel hist\u00f3rico en octubre pasado. Los despachos de cemento proyectado para 2016 se mantienen en 10,5 millones de toneladas, equivalente a una ca\u00edda de 13,4 por ciento con respecto a 2015. Para llegar a una cifra similar tan baja, habr\u00eda que remontarse a los 10,4 millones de toneladas despachados por la industria durante 2010, en plena crisis global.<\/p>\n<h6>Fuente: P\u00e1gina 12<\/h6>\n","protected":false},"excerpt":{"rendered":"<p>Los distintos indicadores del sector coinciden en reflejar la fuerte contracci\u00f3n de la actividad de la primera mitad del a\u00f1o, que ya se prolonga a julio. <\/p>\n","protected":false},"author":2,"featured_media":52158,"comment_status":"closed","ping_status":"closed","sticky":false,"template":"","format":"standard","meta":{"footnotes":""},"categories":[8],"tags":[21],"class_list":["post-52157","post","type-post","status-publish","format-standard","has-post-thumbnail","hentry","category-informe-nacional","tag-argentina"],"_links":{"self":[{"href":"http:\/\/argentinamunicipal.com.ar\/argentina\/wp-json\/wp\/v2\/posts\/52157","targetHints":{"allow":["GET"]}}],"collection":[{"href":"http:\/\/argentinamunicipal.com.ar\/argentina\/wp-json\/wp\/v2\/posts"}],"about":[{"href":"http:\/\/argentinamunicipal.com.ar\/argentina\/wp-json\/wp\/v2\/types\/post"}],"author":[{"embeddable":true,"href":"http:\/\/argentinamunicipal.com.ar\/argentina\/wp-json\/wp\/v2\/users\/2"}],"replies":[{"embeddable":true,"href":"http:\/\/argentinamunicipal.com.ar\/argentina\/wp-json\/wp\/v2\/comments?post=52157"}],"version-history":[{"count":0,"href":"http:\/\/argentinamunicipal.com.ar\/argentina\/wp-json\/wp\/v2\/posts\/52157\/revisions"}],"wp:featuredmedia":[{"embeddable":true,"href":"http:\/\/argentinamunicipal.com.ar\/argentina\/wp-json\/wp\/v2\/media\/52158"}],"wp:attachment":[{"href":"http:\/\/argentinamunicipal.com.ar\/argentina\/wp-json\/wp\/v2\/media?parent=52157"}],"wp:term":[{"taxonomy":"category","embeddable":true,"href":"http:\/\/argentinamunicipal.com.ar\/argentina\/wp-json\/wp\/v2\/categories?post=52157"},{"taxonomy":"post_tag","embeddable":true,"href":"http:\/\/argentinamunicipal.com.ar\/argentina\/wp-json\/wp\/v2\/tags?post=52157"}],"curies":[{"name":"wp","href":"https:\/\/api.w.org\/{rel}","templated":true}]}}