{"id":52169,"date":"2016-08-11T08:15:12","date_gmt":"2016-08-11T11:15:12","guid":{"rendered":"http:\/\/argentinamunicipal.com.ar\/argentina\/?p=52169"},"modified":"2016-08-11T08:15:12","modified_gmt":"2016-08-11T11:15:12","slug":"crearan-observatorio-vial-ordenar-transito-neuquen","status":"publish","type":"post","link":"http:\/\/argentinamunicipal.com.ar\/argentina\/crearan-observatorio-vial-ordenar-transito-neuquen\/","title":{"rendered":"Crear\u00e1n un observatorio vial para ordenar el tr\u00e1nsito en\u00a0Neuqu\u00e9n"},"content":{"rendered":"<p>El Municipio crear\u00e1 un observatorio de movilidad urbana para ordenar el tr\u00e1nsito en la ciudad. Fue luego de las jornadas de trabajo en conjunto con los funcionarios de Naci\u00f3n.<\/p>\n<p>El organismo buscar\u00e1 sistematizar las estad\u00edsticas relacionadas con el sistema de transporte p\u00fablico y la circulaci\u00f3n vehicular con el fin de desarrollar alternativas de infraestructura urbana para aportar soluciones.<\/p>\n<p>Fabi\u00e1n Garc\u00eda, el secretario de Movilidad Urbana, sostuvo que \u201cel objetivo es avanzar en una soluci\u00f3n que nos permita reducir la siniestralidad vial y mejorar el ordenamiento del tr\u00e1nsito\u201d.<\/p>\n<p>Por otra parte, el funcionario remarc\u00f3 la necesidad de hacer \u201cun abordaje interinstitucional\u201d de la situaci\u00f3n al decir que \u201cdebemos trabajarlo en conjunto con otros municipios como una gran metr\u00f3polis porque el tr\u00e1nsito es un problema en com\u00fan\u201d.<\/p>\n<p>La sede del observatorio vial podr\u00eda construirse en las tierras del Ej\u00e9rcito a partir de la iniciativa para abrir calle Chaco.<\/p>\n<p>Adem\u00e1s, el observatorio concentrar\u00e1 la administraci\u00f3n de licencias de conducir e de infracciones de tr\u00e1nsito.<\/p>\n<h6>Fuente: La Ma\u00f1ana Neuqu\u00e9n<\/h6>\n","protected":false},"excerpt":{"rendered":"<p>El Municipio crear\u00e1 un observatorio de movilidad urbana para ordenar el tr\u00e1nsito en la ciudad. Fue luego de las jornadas de trabajo en conjunto con los funcionarios de Naci\u00f3n.<\/p>\n","protected":false},"author":2,"featured_media":52170,"comment_status":"closed","ping_status":"closed","sticky":false,"template":"","format":"standard","meta":{"footnotes":""},"categories":[2],"tags":[23],"class_list":["post-52169","post","type-post","status-publish","format-standard","has-post-thumbnail","hentry","category-informe-municipal","tag-neuquen"],"_links":{"self":[{"href":"http:\/\/argentinamunicipal.com.ar\/argentina\/wp-json\/wp\/v2\/posts\/52169","targetHints":{"allow":["GET"]}}],"collection":[{"href":"http:\/\/argentinamunicipal.com.ar\/argentina\/wp-json\/wp\/v2\/posts"}],"about":[{"href":"http:\/\/argentinamunicipal.com.ar\/argentina\/wp-json\/wp\/v2\/types\/post"}],"author":[{"embeddable":true,"href":"http:\/\/argentinamunicipal.com.ar\/argentina\/wp-json\/wp\/v2\/users\/2"}],"replies":[{"embeddable":true,"href":"http:\/\/argentinamunicipal.com.ar\/argentina\/wp-json\/wp\/v2\/comments?post=52169"}],"version-history":[{"count":0,"href":"http:\/\/argentinamunicipal.com.ar\/argentina\/wp-json\/wp\/v2\/posts\/52169\/revisions"}],"wp:featuredmedia":[{"embeddable":true,"href":"http:\/\/argentinamunicipal.com.ar\/argentina\/wp-json\/wp\/v2\/media\/52170"}],"wp:attachment":[{"href":"http:\/\/argentinamunicipal.com.ar\/argentina\/wp-json\/wp\/v2\/media?parent=52169"}],"wp:term":[{"taxonomy":"category","embeddable":true,"href":"http:\/\/argentinamunicipal.com.ar\/argentina\/wp-json\/wp\/v2\/categories?post=52169"},{"taxonomy":"post_tag","embeddable":true,"href":"http:\/\/argentinamunicipal.com.ar\/argentina\/wp-json\/wp\/v2\/tags?post=52169"}],"curies":[{"name":"wp","href":"https:\/\/api.w.org\/{rel}","templated":true}]}}