{"id":52175,"date":"2016-08-11T05:21:25","date_gmt":"2016-08-11T08:21:25","guid":{"rendered":"http:\/\/argentinamunicipal.com.ar\/argentina\/?p=52175"},"modified":"2016-08-11T08:25:44","modified_gmt":"2016-08-11T11:25:44","slug":"ushuaia-desafectaron-500-hectareas-destinarlas-al-proyecto-urbano-integral-del-municipio","status":"publish","type":"post","link":"http:\/\/argentinamunicipal.com.ar\/argentina\/ushuaia-desafectaron-500-hectareas-destinarlas-al-proyecto-urbano-integral-del-municipio\/","title":{"rendered":"Ushuaia: Desafectaron 500 hect\u00e1reas para destinarlas al proyecto urbano integral del Municipio"},"content":{"rendered":"<p>Los concejales consensuaron la modificaci\u00f3n al proyecto original que planteaba la desafectaci\u00f3n de 1859 hect\u00e1reas de bosque comunal, mediante una alternativa que result\u00f3 aprobada por unanimidad. El debate cont\u00f3 con la presencia del intendente Walter Vuoto, integrantes del gabinete municipal; organizaciones sociales; sindicatos y vecinos de los barrios informales. La ordenanza establece que para ser adjudicada en venta, la tierra deber\u00e1 contar con los servicios esenciales.<\/p>\n<p>Los concejales de Ushuaia aprobaron ayer por unanimidad, en sesi\u00f3n ordinaria, la desafectaci\u00f3n de aproximadamente 500 hect\u00e1reas de bosque comunal que ser\u00e1n destinadas a nuevas urbanizaciones; adem\u00e1s del ordenamiento y la regularizaci\u00f3n de los barrios autogestionados, en el marco del proyecto urbano integral que impulsa el Ejecutivo municipal.<br \/>\nLa ordenanza surgi\u00f3 como una modificaci\u00f3n al proyecto original, que hab\u00eda sido aprobado en primera lectura, y que propon\u00eda la desafectaci\u00f3n de 1859 hect\u00e1reas en total. Ante la falta de consenso para la sanci\u00f3n en segunda lectura, por no contar con mayor\u00eda agravada -5 votos por la afirmativa- los concejales trabajaron en la generaci\u00f3n de una alternativa que finalmente result\u00f3 aprobada por unanimidad.<br \/>\nEl debate se llev\u00f3 adelante en la presencia de asociaciones sindicales como el SOEM, Sindicato de Camioneros, ATE, la UOM, la UOCRA y el CECU, entre otras; vecinos de barrios informales; el intendente Walter Vuoto e integrantes del gabinete municipal.<br \/>\nEntre otros aspectos, la ordenanza consensuada entre los concejales establece que, para ser adjudicada en venta, la tierra deber\u00e1 contar con los servicios esenciales, de acuerdo a lo establecido en la Carta Org\u00e1nica Municipal, y condiciona el proyecto a la realizaci\u00f3n del estudio de impacto ambiental y de factibilidad de servicios.<\/p>\n<p><strong>La b\u00fasqueda de consenso<\/strong><\/p>\n<p>El concejal Juan Carlos Pino (FPV) sostuvo que \u201cfrente a la responsabilidad de dirigir esta instituci\u00f3n me encontr\u00e9 con la tarea de buscar los consensos para que este proyecto pueda salir adelante y poder aprobar la ordenanza\u201d, y record\u00f3 que \u201cen la d\u00e9cada del \u201890 ten\u00edamos el mismo problema, donde los vecinos tampoco ten\u00edan tierra pero en aquel momento desde el municipio se trabaj\u00f3 para poder pasar las tierras del ex territorio al \u00e1mbito municipal; tambi\u00e9n en esa \u00e9poca quienes se movilizaban eran los vecinos y los gremios\u201d.<br \/>\nPor su parte el concejal Gast\u00f3n Ayala (MPF) analiz\u00f3 que \u201cse trata de un tema sensible para todos y as\u00ed lo refleja este recinto claramente, repleto de vecinos, gremios y concejales tratando de buscar una soluci\u00f3n\u201d, y advirti\u00f3 que \u201cciertamente debemos proteger el bosque comunal; por eso la mejor opci\u00f3n es que sea intervenido de manera responsable por el Estado\u201d, evalu\u00f3.<br \/>\nEn tanto el concejal Juan Manuel Romano (UCR) acompa\u00f1\u00f3 la ordenanza modificada y analiz\u00f3 que \u201ceste tema no tiene que ver solamente con sue\u00f1os y esperanzas, sino que es la realidad de nuestra ciudad que nos obliga a tener en cuenta el equilibrio entre las necesidades de crecimiento y el respeto de las normas ambientales vigentes. Esto no es una puja pol\u00edtica o t\u00e9cnica\u201d, aclar\u00f3 el edil.<br \/>\nEn uso de la palabra el intendente Walter Vuoto valor\u00f3 la aprobaci\u00f3n de la ordenanza y repas\u00f3 las pol\u00edticas de urbanizaci\u00f3n que promovieron el desarrollo de la ciudad y las asimil\u00f3 a la propuesta oficialista actual. (VER NOTA APARTE). \u201cLa decisi\u00f3n de esta gesti\u00f3n es terminar la discusi\u00f3n social de los que m\u00e1s tienen con los que menos tienen, porque la gente no tiene la culpa de las respuestas que no da el Estado\u201d, asever\u00f3.<\/p>\n<p>Romano: \u201cLogramos avanzar pero preservando nuestro bosque\u201d<\/p>\n<p>El concejal Juan Manuel Romano (UCR) se mostr\u00f3 conforme con la sesi\u00f3n del Concejo Deliberante en la que se aprob\u00f3 la desafectaci\u00f3n de aproximadamente 500 hect\u00e1reas para el proyecto urbano ambiental, en lugar de las 1850 propuestas inicialmente. \u201cEs una muestra de que el trabajo conjunto con los concejales ejerciendo la funci\u00f3n como \u00f3rgano de control \u2013 como es nuestro deber- se puede avanzar en una ciudad planificada, cuidada, ordenada e inclusiva\u201d evalu\u00f3.<br \/>\nRomano destac\u00f3 que \u201cdesde un principio tuve como eje central la idea de avanzar en soluciones habitacionales, porque entiendo la gran necesidad que hay en nuestra ciudad, pero sin descuidar un recurso tan preciado como es nuestro ambiente natural y el bosque fueguino. Hay que avanzar cuidando todos los aspectos del proyecto\u201d y en relaci\u00f3n a la discusi\u00f3n planteada en el Concejo Deliberante, asegur\u00f3 que \u201ces a trav\u00e9s de la pol\u00edtica y responsablemente como se deben resolver estas cuestiones. Hubo muchas reuniones y trabajamos fuertemente evaluando la mejor manera de avanzar, incluyendo a vecinos, organizaciones y partidos pol\u00edticos en la gesti\u00f3n del proyecto\u201d.<br \/>\nEl edil radical subray\u00f3 que \u201cavanzamos para dar hoy mismo una soluci\u00f3n haciendo una modificaci\u00f3n del proyecto que permita concretar las soluciones inmediatamente\u201d y observ\u00f3 que \u201ceste proyecto contempla en sus anexos cu\u00e1les son los sectores en los que se va a intervenir ya sea para nuevas urbanizaciones o saneamiento y regularizaci\u00f3n de barrios existentes\u201d.<br \/>\nTras el avance que se produjo en el proyecto presentado por el Ejecutivo Municipal al Concejo Deliberante, Romano viajar\u00e1 a Buenos Aires para reunirse con organizaciones ambientalistas que se interesaron en el proyecto para un posible trabajo conjunto. \u201cCreo que tenemos que ser conscientes de la enorme magnitud de este proyecto. Es un avance y un gran potencial para la ciudad y por eso mismo hay que ser cuidadosos. Cualquier error puede perjudicar seriamente a la ciudad\u201d, asegur\u00f3.<\/p>\n<h6>Fuente: El Diario del Fin del Mundo<\/h6>\n","protected":false},"excerpt":{"rendered":"<p>Los concejales consensuaron la modificaci\u00f3n al proyecto original que planteaba la desafectaci\u00f3n de 1859 hect\u00e1reas de bosque comunal, mediante una alternativa que result\u00f3 aprobada por unanimidad. <\/p>\n","protected":false},"author":2,"featured_media":52176,"comment_status":"closed","ping_status":"closed","sticky":false,"template":"","format":"standard","meta":{"footnotes":""},"categories":[2],"tags":[34],"class_list":["post-52175","post","type-post","status-publish","format-standard","has-post-thumbnail","hentry","category-informe-municipal","tag-tierra-del-fuego"],"_links":{"self":[{"href":"http:\/\/argentinamunicipal.com.ar\/argentina\/wp-json\/wp\/v2\/posts\/52175","targetHints":{"allow":["GET"]}}],"collection":[{"href":"http:\/\/argentinamunicipal.com.ar\/argentina\/wp-json\/wp\/v2\/posts"}],"about":[{"href":"http:\/\/argentinamunicipal.com.ar\/argentina\/wp-json\/wp\/v2\/types\/post"}],"author":[{"embeddable":true,"href":"http:\/\/argentinamunicipal.com.ar\/argentina\/wp-json\/wp\/v2\/users\/2"}],"replies":[{"embeddable":true,"href":"http:\/\/argentinamunicipal.com.ar\/argentina\/wp-json\/wp\/v2\/comments?post=52175"}],"version-history":[{"count":0,"href":"http:\/\/argentinamunicipal.com.ar\/argentina\/wp-json\/wp\/v2\/posts\/52175\/revisions"}],"wp:featuredmedia":[{"embeddable":true,"href":"http:\/\/argentinamunicipal.com.ar\/argentina\/wp-json\/wp\/v2\/media\/52176"}],"wp:attachment":[{"href":"http:\/\/argentinamunicipal.com.ar\/argentina\/wp-json\/wp\/v2\/media?parent=52175"}],"wp:term":[{"taxonomy":"category","embeddable":true,"href":"http:\/\/argentinamunicipal.com.ar\/argentina\/wp-json\/wp\/v2\/categories?post=52175"},{"taxonomy":"post_tag","embeddable":true,"href":"http:\/\/argentinamunicipal.com.ar\/argentina\/wp-json\/wp\/v2\/tags?post=52175"}],"curies":[{"name":"wp","href":"https:\/\/api.w.org\/{rel}","templated":true}]}}