{"id":52194,"date":"2016-08-12T06:37:33","date_gmt":"2016-08-12T09:37:33","guid":{"rendered":"http:\/\/argentinamunicipal.com.ar\/argentina\/?p=52194"},"modified":"2016-08-12T06:37:33","modified_gmt":"2016-08-12T09:37:33","slug":"estudio-social-economico-pone-una-alerta-los-indices-pobreza-buenos-aires","status":"publish","type":"post","link":"http:\/\/argentinamunicipal.com.ar\/argentina\/estudio-social-economico-pone-una-alerta-los-indices-pobreza-buenos-aires\/","title":{"rendered":"Estudio social y econ\u00f3mico pone una alerta sobre los \u00edndices de pobreza en\u00a0Buenos Aires"},"content":{"rendered":"<p>Un estudio social y econ\u00f3mico de la provincia pone una alerta a trav\u00e9s de varios indicadores. Una estrepitosa ca\u00edda en las ventas, como construcci\u00f3n y electrodom\u00e9sticos, se suman al aumento del precio de la canasta b\u00e1sica y a una alarmante suma de 200 mil nuevos ni\u00f1os pobres tan s\u00f3lo en territorio bonaerense.<\/p>\n<p>Un nuevo informe anal\u00edtico sobre la realidad social y econ\u00f3mia del territorio bonaerense fue lanzado hoy en Chascom\u00fas a partir de un estudio comparativo de las bases de datos\u00a0de universidades p\u00fablicas de la provincia, datos oficiales de organismos provinciales, y entidades industriales, empresarias y profesionales que arrojan resultados alarmantes.<\/p>\n<p>En este sentido, el estudio denominadado \u00abEl Term\u00f3metro\u00bb que encabeza el ex diputado nacional Juli\u00e1n Dom\u00ednguez y su equipo, revel\u00f3 que el comercio, uno de los sectores con mayores fuentes de trabajo, tuvo una ca\u00edda anual de 5,8% en unidades vendidas. Algunos rubros\u00a0presentaron ca\u00eddas muy significativas, como materiales para la construcci\u00f3n (-9,1%), electrodom\u00e9sticos y art\u00edculos electr\u00f3nicos (-10,2%). Asimismo, la veta textil cay\u00f3 5,7% y la farmac\u00e9utica 5,9%.<\/p>\n<p>Asimismo, este cuadro pareciera ir traslad\u00e1ndose hacia el \u00e1mbito p\u00fablico fiscal. Es que los ingresos tributarios de la Provincia tambi\u00e9n mostraron una leve ca\u00edda.\u00a0Seg\u00fan informaci\u00f3n provista por el Ministerio de Econom\u00eda bonaerense, los ingresos tributarios (tanto los de origen provincial como las transferencias nacionales) alcanzaron a $ 21.646 millones, implicando una suba de 30,8% anual, 0,7 puntos porcentuales menos que el mes anterior y por debajo de la inflaci\u00f3n estimada, que ronda el 42%. Es decir, analizan desde este estudio, la recaudaci\u00f3n presenta una ca\u00edda de m\u00e1s de 10 puntos en t\u00e9rminos reales.<\/p>\n<p>En cuanto al Fondo Federal Solidario (FFS), agregan, seg\u00fan la informaci\u00f3n para la \u00faltima semana de junio de 2016, la recaudaci\u00f3n del FFS totaliz\u00f3 $1.424,1 millones, $1.178 millones menos que en el mismo per\u00edodo de 2015 (-45,3% jun-16\/jun-15). El reparto disminuy\u00f3, siendo el menor nivel del a\u00f1o.<\/p>\n<p>Por otra parte, y a partir de la informaci\u00f3n difundida por la Universidad Nacional Arturo Jauretche a partir de un relevamiento en los distritos de Quilmes, Florencio Varela y Berazategui, subrayan que la canasta b\u00e1sica familiar tipo del mes de mayo ascendi\u00f3 a $13.379.<\/p>\n<p>El aumento de los alimentos y la inflaci\u00f3n repercute, como es sabido, en los \u00edndices de pobreza. Sobre esto, precisaron que desde principios de a\u00f1o hasta abril hay\u00a01.925.066 nuevos ni\u00f1os y adolescentes pobres.<\/p>\n<p>Si bien recordaron que para el 2015 ya exist\u00edan 1.728.742 ni\u00f1os pobres en la provincia, con el aumento de la pobreza a nivel nacional en 3,6 puntos entre el cuarto trimestre de 2015 y principios de abril de este a\u00f1os, se traslad\u00f3 tambi\u00e9n al territorio bonaerense (31,7% + 3,6).<\/p>\n<h6>Fuente: InfoCielo<\/h6>\n","protected":false},"excerpt":{"rendered":"<p>Una estrepitosa ca\u00edda en las ventas, como construcci\u00f3n y electrodom\u00e9sticos, se suman al aumento del precio de la canasta b\u00e1sica y a una alarmante suma de 200 mil nuevos ni\u00f1os pobres tan s\u00f3lo en territorio bonaerense.<\/p>\n","protected":false},"author":2,"featured_media":52195,"comment_status":"closed","ping_status":"closed","sticky":false,"template":"","format":"standard","meta":{"footnotes":""},"categories":[65],"tags":[12],"class_list":["post-52194","post","type-post","status-publish","format-standard","has-post-thumbnail","hentry","category-provincias","tag-buenos-aires"],"_links":{"self":[{"href":"http:\/\/argentinamunicipal.com.ar\/argentina\/wp-json\/wp\/v2\/posts\/52194","targetHints":{"allow":["GET"]}}],"collection":[{"href":"http:\/\/argentinamunicipal.com.ar\/argentina\/wp-json\/wp\/v2\/posts"}],"about":[{"href":"http:\/\/argentinamunicipal.com.ar\/argentina\/wp-json\/wp\/v2\/types\/post"}],"author":[{"embeddable":true,"href":"http:\/\/argentinamunicipal.com.ar\/argentina\/wp-json\/wp\/v2\/users\/2"}],"replies":[{"embeddable":true,"href":"http:\/\/argentinamunicipal.com.ar\/argentina\/wp-json\/wp\/v2\/comments?post=52194"}],"version-history":[{"count":0,"href":"http:\/\/argentinamunicipal.com.ar\/argentina\/wp-json\/wp\/v2\/posts\/52194\/revisions"}],"wp:featuredmedia":[{"embeddable":true,"href":"http:\/\/argentinamunicipal.com.ar\/argentina\/wp-json\/wp\/v2\/media\/52195"}],"wp:attachment":[{"href":"http:\/\/argentinamunicipal.com.ar\/argentina\/wp-json\/wp\/v2\/media?parent=52194"}],"wp:term":[{"taxonomy":"category","embeddable":true,"href":"http:\/\/argentinamunicipal.com.ar\/argentina\/wp-json\/wp\/v2\/categories?post=52194"},{"taxonomy":"post_tag","embeddable":true,"href":"http:\/\/argentinamunicipal.com.ar\/argentina\/wp-json\/wp\/v2\/tags?post=52194"}],"curies":[{"name":"wp","href":"https:\/\/api.w.org\/{rel}","templated":true}]}}