{"id":52206,"date":"2016-08-12T07:04:56","date_gmt":"2016-08-12T10:04:56","guid":{"rendered":"http:\/\/argentinamunicipal.com.ar\/argentina\/?p=52206"},"modified":"2016-08-12T07:04:56","modified_gmt":"2016-08-12T10:04:56","slug":"rio-cuarto-este-gobierno-va-propios-contratados-politicos","status":"publish","type":"post","link":"http:\/\/argentinamunicipal.com.ar\/argentina\/rio-cuarto-este-gobierno-va-propios-contratados-politicos\/","title":{"rendered":"R\u00edo Cuarto: \u201cEste gobierno va a tener sus propios contratados pol\u00edticos\u201d"},"content":{"rendered":"<p>Lo dijo la jefa del bloque justicialista, Leticia Paulizzi, en una sesi\u00f3n muy tensa. Las palabras fueron interpretadas por los manifestantes que estaban en la sala como una admisi\u00f3n de que los despidos no se decidieron para bajar el gasto sino para hacer lugar a militantes del PJ. Duro discurso de Carrizo<\/p>\n<p>En medio de una sesi\u00f3n tensa, con los contratados desafectados por el Municipio reclamando a los gritos por sus trabajos perdidos, la jefa del bloque oficialista, Leticia Paulizzi, lanz\u00f3 una frase que exalt\u00f3 a\u00fan m\u00e1s los \u00e1nimos y que fue interpretada por el gremio como \u201cuna incitaci\u00f3n a la violencia\u201d.<\/p>\n<p>La presidenta de la bancada justicialista indic\u00f3 que la gesti\u00f3n de Juan Manuel Llamosas va a desarrollar sus planes con sus propios contratados pol\u00edticos. La definici\u00f3n fue entendida por los representantes de los trabajadores como un reconocimiento expreso de que los 168 contratados que quedaron en la calle fueron desafectados no por la emergencia econ\u00f3mica ni porque sobraran en el organigrama municipal sino porque, en realidad, el peronismo busca hacer lugar para instalar all\u00ed a sus militantes.<\/p>\n<p>Entre gritos, la frase textual de Paulizzi fue: \u201cEste nuevo gobierno va a llevar a cabo sus acciones de gobierno con sus propios contratados pol\u00edticos\u201d. Ni bien lo dijo, su voz fue tapada por los gritos indignados de los contratados a los que no se les renov\u00f3 el contrato.<\/p>\n<p>La jefa del bloque adem\u00e1s record\u00f3 que, por ejemplo, la \u00faltima administraci\u00f3n de Benigno Rins dej\u00f3 en la calle a 40 contratados y que nadie sali\u00f3 a protestar por esos puestos perdidos. Son\u00f3, en ese contexto de tensi\u00f3n en el aire, a un ojo por ojo. Fue una frase que tampoco contribuy\u00f3 a calmar los \u00e1nimos.<\/p>\n<p>El griter\u00edo en el recinto era ensordecedor. Los contratados le recriminaban al oficialismo haber prometido en campa\u00f1a no dejar a nadie en la calle. Como la situaci\u00f3n no se calmaba, el presidente del Concejo, Dar\u00edo Fuentes, termin\u00f3 cortando los discursos y pas\u00f3 directamente a votaci\u00f3n el proyecto que estaba en marcha.<\/p>\n<p>Antes de Paulizzi hab\u00edan hablado los bloques opositores. El discurso m\u00e1s encendido fue el de Pablo Carrizo, concejal de Respeto, que lanz\u00f3 cr\u00edticas dur\u00edsimas contra el peronismo, personaliz\u00f3 incluso sus acusaciones contra una de las concejalas oficialistas, y puso incluso en duda qui\u00e9n ejerce realmente la intendencia.<\/p>\n<p>Con vehemencia, dijo: \u201cNo son 200 los despedidos, son muchos m\u00e1s. No contamos a las fundaciones y las cooperativas, donde hoy todav\u00eda est\u00e1 despidiendo gente el peronismo. Pero yo quiero citar un caso particular porque me gusta humanizar la pol\u00edtica en vez de hablar de n\u00fameros. Hace 20 a\u00f1os empec\u00e9 a hacer trabajo social. Tuve un alumno muy chiquito que se llamaba Ariel Toledo, de la costa del r\u00edo. Es el primer y \u00fanico ni\u00f1o recibido como profesional en la costa, Cola de Pato y La Cava. En ese lugar se instal\u00f3 un sitio hermoso llamado Ilusiones. All\u00ed el peronismo golpea la puerta en cada elecci\u00f3n para pedir votos. Pero ahora a Ariel Toledo se lo ech\u00f3 como una rata de su puesto de trabajo. Andrea Petrone (N. de la R.: en ese punto Carrizo se\u00f1al\u00f3 a la concejala oficialista) vos sos amiga de Ariel Toledo, hoy acusado de ser \u00f1oqui de la Municipalidad de R\u00edo Cuarto. Qu\u00e9 verg\u00fcenza. Cuando hay elecciones le golpean la puerta, pero cuando llegan al poder lo echan. Nos pueden decir que s\u00f3lo se trata de un trabajador. Pero si no van a hacer nada, bajen el cuadro de Eva Per\u00f3n que tienen ah\u00ed arriba\u201d, se\u00f1al\u00f3 Carrizo.<\/p>\n<p>Adem\u00e1s cuestion\u00f3 que quienes despiden a trabajadores que ganan cinco o seis mil pesos sean funcionarios y concejales con dietas de 45 mil pesos.<\/p>\n<p>\u201cC\u00f3mo les puede dar la cara para despedir as\u00ed. No s\u00e9 qui\u00e9n es el intendente, si Dova, Schiaretti o Juan Manuel Llamosas. Lo \u00fanico que s\u00e9 es que cuando se present\u00f3 en la campa\u00f1a les dijo a los trabajadores: no tengan miedo que no voy a despedir a nadie\u201d.<\/p>\n<p>Ese discurso de Carrizo, que exalt\u00f3 a los contratados despedidos, fue muy criticado despu\u00e9s por el peronismo, cuyos integrantes acusaron al concejal de Respeto de caer en la demagogia y romper todos los c\u00f3digos de la pol\u00edtica.<\/p>\n<p>Carlos Ord\u00f3\u00f1ez, jefe del bloque de Cambiemos, relat\u00f3 el encuentro que mantuvieron con el obispo Adoldo Uriona y las tareas realizadas para conseguir una instancia de di\u00e1logo entre el gobierno y los trabajadores.<\/p>\n<p>\u201cApelamos a la sensibilidad del intendente, que sabemos que la tiene, para que aporte a la paz social. Por eso le pedimos humildemente que se siente a dialogar y lo haga con la mente abierta\u201d, indic\u00f3 el presidente del principal bloque opositor.<\/p>\n<h6>Fuente: Puntal<\/h6>\n","protected":false},"excerpt":{"rendered":"<p>Lo dijo la jefa del bloque justicialista, Leticia Paulizzi, en una sesi\u00f3n muy tensa. <\/p>\n","protected":false},"author":2,"featured_media":52207,"comment_status":"closed","ping_status":"closed","sticky":false,"template":"","format":"standard","meta":{"footnotes":""},"categories":[4],"tags":[3],"class_list":["post-52206","post","type-post","status-publish","format-standard","has-post-thumbnail","hentry","category-informe-politico","tag-cordoba"],"_links":{"self":[{"href":"http:\/\/argentinamunicipal.com.ar\/argentina\/wp-json\/wp\/v2\/posts\/52206","targetHints":{"allow":["GET"]}}],"collection":[{"href":"http:\/\/argentinamunicipal.com.ar\/argentina\/wp-json\/wp\/v2\/posts"}],"about":[{"href":"http:\/\/argentinamunicipal.com.ar\/argentina\/wp-json\/wp\/v2\/types\/post"}],"author":[{"embeddable":true,"href":"http:\/\/argentinamunicipal.com.ar\/argentina\/wp-json\/wp\/v2\/users\/2"}],"replies":[{"embeddable":true,"href":"http:\/\/argentinamunicipal.com.ar\/argentina\/wp-json\/wp\/v2\/comments?post=52206"}],"version-history":[{"count":0,"href":"http:\/\/argentinamunicipal.com.ar\/argentina\/wp-json\/wp\/v2\/posts\/52206\/revisions"}],"wp:featuredmedia":[{"embeddable":true,"href":"http:\/\/argentinamunicipal.com.ar\/argentina\/wp-json\/wp\/v2\/media\/52207"}],"wp:attachment":[{"href":"http:\/\/argentinamunicipal.com.ar\/argentina\/wp-json\/wp\/v2\/media?parent=52206"}],"wp:term":[{"taxonomy":"category","embeddable":true,"href":"http:\/\/argentinamunicipal.com.ar\/argentina\/wp-json\/wp\/v2\/categories?post=52206"},{"taxonomy":"post_tag","embeddable":true,"href":"http:\/\/argentinamunicipal.com.ar\/argentina\/wp-json\/wp\/v2\/tags?post=52206"}],"curies":[{"name":"wp","href":"https:\/\/api.w.org\/{rel}","templated":true}]}}