{"id":52216,"date":"2016-08-12T07:16:56","date_gmt":"2016-08-12T10:16:56","guid":{"rendered":"http:\/\/argentinamunicipal.com.ar\/argentina\/?p=52216"},"modified":"2016-08-12T07:16:56","modified_gmt":"2016-08-12T10:16:56","slug":"provincia-municipios-codobeses-reunion-pronostico-tormenta","status":"publish","type":"post","link":"http:\/\/argentinamunicipal.com.ar\/argentina\/provincia-municipios-codobeses-reunion-pronostico-tormenta\/","title":{"rendered":"Provincia-municipios codobeses: reuni\u00f3n con pron\u00f3stico de tormenta"},"content":{"rendered":"<p>Desde el Centro C\u00edvico dicen que el pr\u00f3ximo encuentro es el \u201chabitual\u201d, aunque en el temario figura el reclamo de Cambiemos. Los jefes comunales opositores amenazaron con recurrir a la Justicia si no hay respuestas.<\/p>\n<p>El encuentro entre los funcionarios provinciales y los intendentes de Cambiemos para tratar el reclamo de mayor coparticipaci\u00f3n ya tiene fecha: el pr\u00f3ximo martes. Pero ambas partes llegar\u00e1n con posturas encontradas y con pron\u00f3stico en favor de acrecentar la pulseada.<\/p>\n<p>Hace una semana, los intendentes opositores aglutinados en Cambiemos (UCR, PRO y Frente C\u00edvico), liderados por Ram\u00f3n Mestre, hicieron un fuerte reclamo a la Provincia, a quien acusaron de quedarse con 1.600 millones de pesos de fondos nacionales que se deben coparticipar a los municipios.<\/p>\n<p>Los jefes comunales opositores intimaron a que en 72 horas se re\u00fana la Mesa Provincia-Municipios para tratar este reclamo.<\/p>\n<p>La primera reacci\u00f3n oficial de la administraci\u00f3n del gobernador Juan Schiaretti fue un escueto comunicado: \u201cEl reclamo se tratar\u00e1 en el tiempo y en el \u00e1mbito que indica la ley\u201d.<\/p>\n<p>Desde el lunes pasado, ante cada consulta, desde el Centro C\u00edvico indicaron que la reuni\u00f3n Mesa Provincia-Municipios \u201cno ten\u00eda fecha\u201d, pero que ser\u00eda \u201ceste mes\u201d.<\/p>\n<p>A trav\u00e9s de un comunicado, el Ministerio de Gobierno confirm\u00f3 ayer la reuni\u00f3n del martes. \u201cSer\u00e1 la habitual de todos los meses\u201d, aclar\u00f3 la cartera que conduce Carlos Massei.<\/p>\n<p>El jefe del bloque de legisladores oficialistas, Carlos Guti\u00e9rrez, remarc\u00f3 esta situaci\u00f3n. \u201cSer\u00e1 la habitual reuni\u00f3n de la Mesa Provincia-Municipios, que fue creada por Uni\u00f3n por C\u00f3rdoba. Que no digan que fue por presi\u00f3n de Mestre, porque no es as\u00ed. A nosotros no nos presiona nadie y el reclamo se canalizar\u00e1 por el camino institucional como corresponde. No entramos en ninguna disputa pol\u00edtica peque\u00f1a\u201d, dijo el legislador m\u00e1s cercano al gobernador Schiaretti.<\/p>\n<p>Por su parte, el titular del bloque radical, Orlando Arduh, se mostr\u00f3 partidario del di\u00e1logo, pero critic\u00f3 al Gobierno. \u201cEs una buena de decisi\u00f3n convocar a la Mesa Provincia-Municipios para tratar el tema. En el Gobierno han tomado nota de que el reclamo de los municipios es justo. El d\u00e9ficit de la Caja de Jubilaciones es plena responsabilidad de las malas administraciones de los gobernadores peronistas y hasta ahora lo est\u00e1n pagando los intendentes\u201d, dijo el dirigente radical.<\/p>\n<p>En cuanto a la posibilidad de que no haya acuerdo en esta discusi\u00f3n por fondos, en el documento que firmaron, todos los partidos de Cambiemos amenazaron con recurrir a la Justicia.<\/p>\n<p>De todos modos, los intendentes aclaran que la v\u00eda judicial ser\u00e1 el \u00faltimo recurso que utilizar\u00e1n si no consiguen respuestas.<\/p>\n<h6>Fuente: La Voz del Interior<\/h6>\n","protected":false},"excerpt":{"rendered":"<p>Desde el Centro C\u00edvico dicen que el pr\u00f3ximo encuentro es el \u201chabitual\u201d, aunque en el temario figura el reclamo de Cambiemos. Los jefes comunales opositores amenazaron con recurrir a la Justicia si no hay respuestas.<\/p>\n","protected":false},"author":2,"featured_media":52217,"comment_status":"closed","ping_status":"closed","sticky":false,"template":"","format":"standard","meta":{"footnotes":""},"categories":[4],"tags":[3],"class_list":["post-52216","post","type-post","status-publish","format-standard","has-post-thumbnail","hentry","category-informe-politico","tag-cordoba"],"_links":{"self":[{"href":"http:\/\/argentinamunicipal.com.ar\/argentina\/wp-json\/wp\/v2\/posts\/52216","targetHints":{"allow":["GET"]}}],"collection":[{"href":"http:\/\/argentinamunicipal.com.ar\/argentina\/wp-json\/wp\/v2\/posts"}],"about":[{"href":"http:\/\/argentinamunicipal.com.ar\/argentina\/wp-json\/wp\/v2\/types\/post"}],"author":[{"embeddable":true,"href":"http:\/\/argentinamunicipal.com.ar\/argentina\/wp-json\/wp\/v2\/users\/2"}],"replies":[{"embeddable":true,"href":"http:\/\/argentinamunicipal.com.ar\/argentina\/wp-json\/wp\/v2\/comments?post=52216"}],"version-history":[{"count":0,"href":"http:\/\/argentinamunicipal.com.ar\/argentina\/wp-json\/wp\/v2\/posts\/52216\/revisions"}],"wp:featuredmedia":[{"embeddable":true,"href":"http:\/\/argentinamunicipal.com.ar\/argentina\/wp-json\/wp\/v2\/media\/52217"}],"wp:attachment":[{"href":"http:\/\/argentinamunicipal.com.ar\/argentina\/wp-json\/wp\/v2\/media?parent=52216"}],"wp:term":[{"taxonomy":"category","embeddable":true,"href":"http:\/\/argentinamunicipal.com.ar\/argentina\/wp-json\/wp\/v2\/categories?post=52216"},{"taxonomy":"post_tag","embeddable":true,"href":"http:\/\/argentinamunicipal.com.ar\/argentina\/wp-json\/wp\/v2\/tags?post=52216"}],"curies":[{"name":"wp","href":"https:\/\/api.w.org\/{rel}","templated":true}]}}