{"id":52222,"date":"2016-08-12T07:23:37","date_gmt":"2016-08-12T10:23:37","guid":{"rendered":"http:\/\/argentinamunicipal.com.ar\/argentina\/?p=52222"},"modified":"2016-08-12T07:23:37","modified_gmt":"2016-08-12T10:23:37","slug":"carlos-paz-habria-referendum-decidir-se-municipaliza-agua","status":"publish","type":"post","link":"http:\/\/argentinamunicipal.com.ar\/argentina\/carlos-paz-habria-referendum-decidir-se-municipaliza-agua\/","title":{"rendered":"Carlos Paz: habr\u00eda refer\u00e9ndum para decidir si se municipaliza el agua"},"content":{"rendered":"<p>Lo propondr\u00eda el gobierno local en el marco del conflicto con la Cooperativa Integral, por la prestaci\u00f3n de ese servicio.<\/p>\n<p>Un nuevo elemento se hizo oficial en la ma\u00f1ana de este jueves en medio del conflicto entre el gobierno del intendente Esteban Avil\u00e9s y la Cooperativa Integral (Coopi).<\/p>\n<p>Desde el Concejo de Representantes, su presidenta Alejandra Rold\u00e1n, confirm\u00f3 que en las pr\u00f3ximas horas ingresar\u00e1 un proyecto para convocar a un refer\u00e9ndum vinculante con el objetivo de que los vecinos se expresen acerca de la municipalizaci\u00f3n del servicio de agua potable, que presta la Coopi.<\/p>\n<p>El 1\u00b0 de agosto, en el discurso de apertura de las sesiones del Concejo, el intendente Avil\u00e9s anunci\u00f3 el proyecto para municipalizar la prestaci\u00f3n y fustig\u00f3 duramente a la Cooperativa Integral, concesionaria del servicio desde hace 54 a\u00f1os.<\/p>\n<p>Rold\u00e1n remarc\u00f3 esta ma\u00f1ana que el plebiscito ser\u00e1 vinculante y que de esta manera los vecinos podr\u00e1n definir qu\u00e9 se hace con el servicio.<\/p>\n<p>Desde el anuncio de Avil\u00e9s se sucedieron marchas y acciones de los trabajadores y dirigentes de la Cooperativa Integral. En la noche de este mi\u00e9rcoles, el cantante Raly Barrionuevo fue la figura central de un festival en apoyo a la prestataria.<\/p>\n<h6>Fuente: La Voz del Interior<\/h6>\n","protected":false},"excerpt":{"rendered":"<p>Lo propondr\u00eda el gobierno local en el marco del conflicto con la Cooperativa Integral, por la prestaci\u00f3n de ese servicio.<\/p>\n","protected":false},"author":2,"featured_media":52223,"comment_status":"closed","ping_status":"closed","sticky":false,"template":"","format":"standard","meta":{"footnotes":""},"categories":[2],"tags":[3],"class_list":["post-52222","post","type-post","status-publish","format-standard","has-post-thumbnail","hentry","category-informe-municipal","tag-cordoba"],"_links":{"self":[{"href":"http:\/\/argentinamunicipal.com.ar\/argentina\/wp-json\/wp\/v2\/posts\/52222","targetHints":{"allow":["GET"]}}],"collection":[{"href":"http:\/\/argentinamunicipal.com.ar\/argentina\/wp-json\/wp\/v2\/posts"}],"about":[{"href":"http:\/\/argentinamunicipal.com.ar\/argentina\/wp-json\/wp\/v2\/types\/post"}],"author":[{"embeddable":true,"href":"http:\/\/argentinamunicipal.com.ar\/argentina\/wp-json\/wp\/v2\/users\/2"}],"replies":[{"embeddable":true,"href":"http:\/\/argentinamunicipal.com.ar\/argentina\/wp-json\/wp\/v2\/comments?post=52222"}],"version-history":[{"count":0,"href":"http:\/\/argentinamunicipal.com.ar\/argentina\/wp-json\/wp\/v2\/posts\/52222\/revisions"}],"wp:featuredmedia":[{"embeddable":true,"href":"http:\/\/argentinamunicipal.com.ar\/argentina\/wp-json\/wp\/v2\/media\/52223"}],"wp:attachment":[{"href":"http:\/\/argentinamunicipal.com.ar\/argentina\/wp-json\/wp\/v2\/media?parent=52222"}],"wp:term":[{"taxonomy":"category","embeddable":true,"href":"http:\/\/argentinamunicipal.com.ar\/argentina\/wp-json\/wp\/v2\/categories?post=52222"},{"taxonomy":"post_tag","embeddable":true,"href":"http:\/\/argentinamunicipal.com.ar\/argentina\/wp-json\/wp\/v2\/tags?post=52222"}],"curies":[{"name":"wp","href":"https:\/\/api.w.org\/{rel}","templated":true}]}}