{"id":52228,"date":"2016-08-12T07:34:56","date_gmt":"2016-08-12T10:34:56","guid":{"rendered":"http:\/\/argentinamunicipal.com.ar\/argentina\/?p=52228"},"modified":"2016-08-12T07:34:56","modified_gmt":"2016-08-12T10:34:56","slug":"reclamo-los-fondos-salto-grande-cuenta-respaldo-la-federacion-argentina-municipios","status":"publish","type":"post","link":"http:\/\/argentinamunicipal.com.ar\/argentina\/reclamo-los-fondos-salto-grande-cuenta-respaldo-la-federacion-argentina-municipios\/","title":{"rendered":"El reclamo por los fondos de Salto Grande cuenta con el respaldo de la Federaci\u00f3n Argentina de Municipios"},"content":{"rendered":"<p>El intendente de Concordia, Enrique Cresto, que a su vez preside el bloque de intendentes peronistas de la Federaci\u00f3n Argentina de Municipios (FAM) particip\u00f3 junto a otros intendentes entrerrianos de la asamblea de la FAM realizada en Capital Federal \u2022 La entidad respald\u00f3 el reclamo por los fondos de Salto Grande<\/p>\n<p>En este \u00e1mbito, Cresto habl\u00f3, entre otros temas, de la lucha de los municipios de la regi\u00f3n por la recuperaci\u00f3n de los fondos que genera la comercializaci\u00f3n de energ\u00eda del Complejo Hidroel\u00e9ctrico de Salto Grande.<\/p>\n<p>\u201cPara nosotros esto es muy importante, considerando que muchas obras que nuestros municipios necesitan para resolver problemas de infraestructura y promover el desarrollo de nuestras localidades dependen de estos fondos\u201d, explic\u00f3 Cresto a los l\u00edderes comunales reunidos en la FAM, quienes apoyaron solidariamente el reclamo.<\/p>\n<p>El encuentro -encabezado por el presidente de la FAM Julio Pereyra y el secretario de la entidad Juan Matteo- fue propicio para debatir distintos temas que hacen a la realidad que enfrentan los municipios, el impacto territorial de las medidas impulsadas por el Gobierno nacional, el aumento en las demandas y urgencias de orden social y los preparativos del bloque peronista de la FAM para el proceso de renovaci\u00f3n de autoridades del organismo.<\/p>\n<p>El intendente de Concepci\u00f3n del Uruguay Eduardo Lauritto estuvo entre los entrerrianos presentes. Tambi\u00e9n Fabi\u00e1n Cevey (Puerto Yerua), Nicol\u00e1s Pasarrello (La Criolla) y Egardo Almada (Colonia Ayu\u00ed), en representaci\u00f3n del Consorcio Intermunicipal Concordia. M\u00e1s de 30 jefes comunales de todo el pa\u00eds participaron de la reuni\u00f3n.<\/p>\n<p><strong>Renovaci\u00f3n<\/strong><\/p>\n<p>Respecto del encuentro, Matteo detall\u00f3 que \u00abfue una asamblea que por estatuto hab\u00eda que convocar para aprobar el balance y la gesti\u00f3n y cuando se termin\u00f3 la reuni\u00f3n se pas\u00f3 a hablar del futuro de la FAM\u00bb.<\/p>\n<p>En este marco, destac\u00f3 que \u201cse decidi\u00f3 llamar a un recambio de autoridades entre septiembre y octubre y se pas\u00f3 a la Secretar\u00eda Ejecutiva esa directiva para poner la fecha que se considere m\u00e1s oportuna para lograr una movilizaci\u00f3n de intendentes de todo el pa\u00eds\u00bb. Una vez que est\u00e9 acordada la fecha \u00abse realizar\u00e1 una asamblea en la que se decidir\u00e1n las nuevas autoridades de la instituci\u00f3n y tambi\u00e9n se determinar\u00e1n pol\u00edticas a seguir con la nueva conducci\u00f3n\u00bb, asegur\u00f3 Matteo.<\/p>\n<p>La intendenta de la Matanza Ver\u00f3nica Magario, secretaria general del bloque de intendentes peronistas que preside Cresto, destac\u00f3 por su parte que en esta instancia los intendentes est\u00e1n trabajando \u201cpara que la FAM pueda llegar a las elecciones, para que pueda tener sus nuevas autoridades en un proceso lo m\u00e1s amplio y participativo posible\u00bb y se manifest\u00f3 \u00abcomprometida con todas las provincias, trabajando mucho\u00bb.<\/p>\n<p>Luego opin\u00f3 sobre la FAM y la consider\u00f3 una \u00abherramienta indispensable\u00bb para la conducci\u00f3n y construcci\u00f3n pol\u00edtica y destac\u00f3 que \u00abhemos hablado con el Gobierno nacional para que esto sea un espacio de todos los intendentes del pa\u00eds y de todos los partidos pol\u00edticos\u00bb.<\/p>\n<p>Su intenci\u00f3n con este espacio es que sea un lugar \u00abdonde nos podamos encontrar, donde plantemos las distintas cuestiones econ\u00f3micas y sociales que hay que seguir trabajando en los municipios\u00bb.<\/p>\n<p><strong>Municipalismo<\/strong><\/p>\n<p>Finalmente, Enrique Cresto record\u00f3 que \u00abdesde la FAM se tom\u00f3 una buena decisi\u00f3n el 15 de diciembre cuando algunos intendentes nos reunimos para analizar el panorama de situaci\u00f3n que se ven\u00eda y se decidi\u00f3 defender este espacio federal desde donde se construyen pol\u00edticas de estado con eje en el municipalismo y con la mirada puesta en los verdaderos problemas que los intendentes enfrentamos en nuestros territorios\u00bb.<\/p>\n<p>El dirigente entrerriano celebr\u00f3 que \u00abse est\u00e1 avanzando ya estamos organizando la pr\u00f3xima asamblea que se realizar\u00e1 en San Luis y en la que se van a definir las autoridades\u00bb, adelantando que en su opini\u00f3n \u00aben esta etapa que no gobierna el peronismo a nivel nacional, al frente de la FAM deber\u00eda estar una persona que est\u00e9 cerca del conurbano, de la capital porque va a poder darle la impronta que necesita esta instituci\u00f3n\u00bb, alentando de este modo las versiones que posicionan a la intendenta de La Matanza Ver\u00f3nica Magario como la sucesora de Pereyra al frente de la Federaci\u00f3n.<\/p>\n<h6>fuente: APF Digital<\/h6>\n","protected":false},"excerpt":{"rendered":"<p>La entidad respald\u00f3 el reclamo por los fondos de Salto Grande<\/p>\n","protected":false},"author":2,"featured_media":52229,"comment_status":"closed","ping_status":"closed","sticky":false,"template":"","format":"standard","meta":{"footnotes":""},"categories":[2],"tags":[17],"class_list":["post-52228","post","type-post","status-publish","format-standard","has-post-thumbnail","hentry","category-informe-municipal","tag-entre-rios"],"_links":{"self":[{"href":"http:\/\/argentinamunicipal.com.ar\/argentina\/wp-json\/wp\/v2\/posts\/52228","targetHints":{"allow":["GET"]}}],"collection":[{"href":"http:\/\/argentinamunicipal.com.ar\/argentina\/wp-json\/wp\/v2\/posts"}],"about":[{"href":"http:\/\/argentinamunicipal.com.ar\/argentina\/wp-json\/wp\/v2\/types\/post"}],"author":[{"embeddable":true,"href":"http:\/\/argentinamunicipal.com.ar\/argentina\/wp-json\/wp\/v2\/users\/2"}],"replies":[{"embeddable":true,"href":"http:\/\/argentinamunicipal.com.ar\/argentina\/wp-json\/wp\/v2\/comments?post=52228"}],"version-history":[{"count":0,"href":"http:\/\/argentinamunicipal.com.ar\/argentina\/wp-json\/wp\/v2\/posts\/52228\/revisions"}],"wp:featuredmedia":[{"embeddable":true,"href":"http:\/\/argentinamunicipal.com.ar\/argentina\/wp-json\/wp\/v2\/media\/52229"}],"wp:attachment":[{"href":"http:\/\/argentinamunicipal.com.ar\/argentina\/wp-json\/wp\/v2\/media?parent=52228"}],"wp:term":[{"taxonomy":"category","embeddable":true,"href":"http:\/\/argentinamunicipal.com.ar\/argentina\/wp-json\/wp\/v2\/categories?post=52228"},{"taxonomy":"post_tag","embeddable":true,"href":"http:\/\/argentinamunicipal.com.ar\/argentina\/wp-json\/wp\/v2\/tags?post=52228"}],"curies":[{"name":"wp","href":"https:\/\/api.w.org\/{rel}","templated":true}]}}