{"id":52241,"date":"2016-08-12T07:59:29","date_gmt":"2016-08-12T10:59:29","guid":{"rendered":"http:\/\/argentinamunicipal.com.ar\/argentina\/?p=52241"},"modified":"2016-08-12T07:59:29","modified_gmt":"2016-08-12T10:59:29","slug":"ronda-numero-2-mil-la-historia-marcha-sin-detenerse","status":"publish","type":"post","link":"http:\/\/argentinamunicipal.com.ar\/argentina\/ronda-numero-2-mil-la-historia-marcha-sin-detenerse\/","title":{"rendered":"Ronda n\u00famero 2 mil: \u00abLa historia marcha sin detenerse\u00bb"},"content":{"rendered":"<p>Miles y miles de personas acompa\u00f1aron a las Madres de Plaza de Mayo. Hebe de Bonafini dijo que \u201cme plant\u00e9 porque tengo claro que los pueblos podemos hacer mucho m\u00e1s de lo que creemos\u201d. Llam\u00f3 a reeditar las marchas de la Resistencia el 26 y 27 de agosto.<\/p>\n<p>\u201cQueridos compa\u00f1eros, estos d\u00edas pasaron cosas incre\u00edbles. \u00a1S\u00ed, me plant\u00e9!\u201d Hebe de Bonafini hablaba ante una multitud en la Plaza de Mayo. \u201cY me plant\u00e9 porque tengo claro que los pueblos podemos hacer mucho m\u00e1s de lo que creemos\u201d. La conmemoraci\u00f3n de las 2000 marchas de las Madres de Plaza de Mayo alrededor de la pir\u00e1mide se transform\u00f3 en una celebraci\u00f3n que desbord\u00f3 todas las previsiones de los organizadores con vallas humanas que trataban afanosamente, pero sin \u00e9xito, de detener la afluencia de los que llegaban a abrazar a las Madres. En el fondo se ve\u00eda la Casa Rosada con algunos fisgones en los balcones y hasta el ruido de un helic\u00f3ptero en pleno despegue. Hebe hab\u00eda llegado a la Plaza luego de dos horas de reuni\u00f3n con Cristina Fern\u00e1ndez de Kirchner. Y en ese escenario anunci\u00f3 el comienzo de una nueva etapa como una invitaci\u00f3n colectiva. \u201cEl 26 y 27 de agosto retornaremos a las marchas de la resistencia \u2013explic\u00f3\u2013 porque hace ocho meses en la casa de gobierno est\u00e1 sentado otra vez el enemigo. Tal vez la consigna es muy fuerte, pero ac\u00e1 va: por el derecho a trabajar, resistencia sin descansar\u201d. En ese momento el silencio de tantas veces qued\u00f3 atr\u00e1s. Son\u00f3 un cohete que atraves\u00f3 la plaza como una llamada.<\/p>\n<p>Los 2000 jueves de la Madres tuvieron como tel\u00f3n de fondo los ocho meses de gesti\u00f3n del nuevo gobierno, los retrocesos en derechos laborales, sociales, econ\u00f3micos y en el campo de los derechos humanos enunciados en el escenario a trav\u00e9s de un Juicio rel\u00e1mpago y popular a Mauricio Macri, Gabriela Michetti, Prat-Gay y Germ\u00e1n Garavano. Desde el escenario leyeron los cargos. Y pidieron al \u201cpueblo\u201d que, como jueces, levanten la mano para el obvio veredicto. Pero tambi\u00e9n se hizo una semana despu\u00e9s del intento de detenci\u00f3n de la presidenta de la Asociaci\u00f3n de Madres de Plaza de Mayo que, como ayer, convoc\u00f3 a miles a la plaza. Y tambi\u00e9n un d\u00eda despu\u00e9s de las declaraciones de Macri sobre los desaparecidos con \u201cno tengo idea si son 9 mil o 30 mil\u201d, la \u201cguerra sucia\u201d y esa calificaci\u00f3n de \u201cdesquiciada\u201d a Bonafini, en conexi\u00f3n con la de \u201cLocas\u201d que acu\u00f1\u00f3 la dictadura.<\/p>\n<p>\u201cCompa\u00f1eros, cada jueves a las tres de la tarde las Madres venimos a la Plaza porque para nosotros es una cita de honor\u201d, dijo Hebe. \u201cSentimos el calor, los ojos, las manos, las respiraci\u00f3n de nuestros hijos. Pero no es que nosotras seamos corajudas, es que tuvimos unos hijos con unas pelotas tremendas. Y todas las horas y todos los d\u00edas luchamos, as\u00ed que no me vengan a decir que est\u00e1n deprimidos\u201d, convoc\u00f3. \u201c\u00bfC\u00f3mo estar deprimidos? Si siempre hay alguna cosa que hacer en una patria\u201d.<\/p>\n<p>Al lado de la pir\u00e1mide, una anciana llevaba horas en el mismo lugar en el que hab\u00eda estado una semana antes, como hace a\u00f1os. Llevaba un diario en una bolsa con la cara de Macri y la asonada de los n\u00fameros. \u201cPara m\u00ed que eso fue una canallada de la Bullrich\u201d, dijo. \u201cVos ve\u00edas a los pibes como ahora, pero ese d\u00eda sal\u00edan de todas partes, llegaban con las mochilas, de las escuelas, de los trabajos, como un hormiguero aparec\u00edan atr\u00e1s de la combi\u201d. As\u00ed, atr\u00e1s de la combi, pero con los ojos llenos de l\u00e1grimas, qued\u00f3 Leonardo Catanzaro, 59, todo colorado, casi sin respiraci\u00f3n. \u201cPero hay que ser boludo si en ocho meses arm\u00e1s todo este quilombo\u201d, dec\u00eda. Rivadavia se hab\u00eda convertido en un r\u00edo. \u201cMe encontr\u00e9 con un mont\u00f3n de gente del exilio, cuando hay bolonqui salgo. Este tipo provoca, provoca, pero \u00bfqu\u00e9 est\u00e1 esperando? \u00bfque reviente todo?\u201d<\/p>\n<p>A diferencia de otros jueves, la pir\u00e1mide de Mayo qued\u00f3 vestida de pa\u00f1uelos. Las Madres L\u00ednea Fundadora tambi\u00e9n cumplieron con el ritual por las 2000 mil marchas. Los pa\u00f1uelos trazaron un c\u00edrculo en lo alto, desde las rejas hasta la punta de la pir\u00e1mide. Entre ellos, colgaban im\u00e1genes de las Madres. Sobre las rejas, quienes llegaban colocaban una bandera. Las im\u00e1genes de los desaparecidos, esta vez en colores, quedaron sobre la base de la pir\u00e1mide. Entre la Casa Rosada y ese espacio, volvieron las vallas. En el piso, hab\u00eda una pintada por los desaparecidos de M\u00e9xico. Y desde la una de la tarde qued\u00f3 instalada una peque\u00f1a r\u00e9plica de cart\u00f3n de la Casa Rosada, una idea de Hebe concretada por el trabajo de los pibes de la Agrupaci\u00f3n Eva Per\u00f3n de Avellaneda. \u201cFue una idea de ella que nos coment\u00f3 hace un mes\u201d, dijo Nicol\u00e1s D\u00edaz, marcador en mano para ofrecer a quienes iban llegando. \u201cElla nos dijo: si no podemos traer los mensajes a la Casa Rosada, traigamos la Casa Rosada a la Plaza\u201d. Y eso pas\u00f3. En una ventana, alguien escribi\u00f3: Panam\u00e1 Papers. Otro puso: Las vallas no nos detendr\u00e1n. En las r\u00e9plicas de la puerta de entrada, qued\u00f3 dicho: \u201cGoril\u00f3n, sal\u00ed de la Casa Rosada que te queda grande. \u201c\u00bfQue qu\u00e9 escrib\u00ed?\u201d, pregunta Miguel Angel Sabas, viejo radical, regresado a la Plaza. \u201cQue vuelvan los radicales del pueblo porque c\u00f3mo te puedo decir: si todo esto lo tom\u00e1s en broma, es un mal chiste; y si lo tom\u00e1s en serio, te das cuenta que es su pensamiento. Siempre fueron as\u00ed\u201d. De pronto, se cruza con alguien, se abraza y cuenta que no se ven hace veinte a\u00f1os. Habla de la Plaza de Illia, que estuvo ac\u00e1 a los 17 a\u00f1os. \u201cY sab\u00e9s qu\u00e9 es lo que estoy pensando: que esto es un retroceso para este pueblo. \u00a1200 a\u00f1os de historia y vuelve a hacer gobernado por un virrey!\u201d<\/p>\n<p>La convocatoria confluy\u00f3 con el paro nacional de ATE nacional, cuya marcha ocup\u00f3 la Plaza por la ma\u00f1ana y se extendi\u00f3 hasta la llegada de las Madres con un acto frente al Cabildo. Hab\u00eda tanta gente que las Madres tuvieron que hacer varios intentos para lograr dar sus tradicionales vueltas a la pir\u00e1mide. La primera vez intentaron salir caminando por avenida Rivadavia para volver a entrar por atr\u00e1s.<\/p>\n<p>\u201c\u00a1Chicos, un lugarcito para dejar pasar a las Madres!, ped\u00edan desde el escenario. \u201cNo se lastimen, las Madres van a marchar por Rivadavia\u201d. Tras avanzar solo 20 metros entre besos, abrazos, cantos y vallados que fallaban, tuvieron que dar la vuelta. Una hora m\u00e1s tarde subieron a la combi y volvieron a empezar. A las 17.05 alguien dijo \u201c\u00a1ah\u00ed vienen!\u201d, y consiguieron terminar de dar toda la vuelta.<\/p>\n<p>El acto posterior se abri\u00f3 con la entrega del pa\u00f1uelo de las Madres a Edgardo Depetri. \u201cBusc\u00e1bamos a un compa\u00f1ero honesto, trabajador, entregado\u201d, dijo Hebe. \u201cY es porque tambi\u00e9n \u00e9l tom\u00f3 las banderas de nuestros hijos y las levant\u00f3 muy alto; 54 por ciento de los desaparecidos son trabajadores y Depreti lo representa\u201d. El diputado tom\u00f3 la palabra. \u201cNo puedo explicar la emoci\u00f3n que siento pero s\u00ed quiero decir que no lo recibo por m\u00ed solo, soy parte de los miles y miles de compa\u00f1eros del movimiento obrero\u201d, arranc\u00f3. \u201cEsta plaza de hoy es una respuesta del pueblo de nuestra patria a la brutal campa\u00f1a de estigmatizaci\u00f3n del gobierno de los ricos y de los grupos econ\u00f3micos y el poder concentrado, una respuesta que le dieron a Macri, una respuesta que dice que las Madres de Plaza de Mayo viven en la memoria y el coraz\u00f3n del pueblo\u201d. Enseguida se sucedieron en el escenario, otras presencias. Viviana Parodi por el Ecunhi; Silvina Rivilli, compa\u00f1era de las Madres y, antes del cierre de Hebe, Nora Veiras, periodista de P\u00e1gina\/12. La Plaza cant\u00f3 entonces Madres de la Plaza, el pueblo las Abraza. Grit\u00f3 fuerte el 30 mil compa\u00f1eros presentes, ahora y siempre. El como a los nazis, les va a pasar, a donde vayan los iremos a buscar. Y tambi\u00e9n una versi\u00f3n aggiornada del che gorila que ahora dice si las tocan a las madres que quilombo se va a armar. Veiras record\u00f3 en ese momento un peque\u00f1o fragmento de Eduardo Galeano: \u201cLas locas son un ejemplo de salud mental porque se negaron a olvidar en los tiempos de la amnesia obligatoria\u201d. Y sigui\u00f3: \u201cLas Madres, como record\u00f3 alguna de ustedes, empezaron a dar vueltas alrededor de la pir\u00e1mide en sentido inverso a las agujas del reloj como rebel\u00e1ndose por cada minuto de ausencia de sus hijos, marcaron el tiempo machacando con la certeza de que otro mundo es posible. Por eso gracias, por permitirnos reencontrarnos en esta plaza desafiando la normalidad\u201d.<\/p>\n<p>Catalina Puerta, doctoranda y docente de la universidad nacional de Antioquia en Colombia, recorr\u00eda m\u00e1s temprano la plaza como etn\u00f3grafa en trabajo de campo. \u201cMe parece muy importante lo que est\u00e1 ocurriendo. Para nosotros es fundamental conocerlo en un momento de retrocesos en todo el continente. Y esto me parecesencial porque este es un pueblo con una tradici\u00f3n de resistencia muy fuerte en la regi\u00f3n, con situaciones como las de Colombia que es una sociedad que no se moviliza y tiene mucho miedo\u201d. Mientras se iba, explic\u00f3 algo sobre el avance de un nuevo modo de violencia sobre las mujeres l\u00edderes pol\u00edticas ahora en clave de corrupci\u00f3n. Casi al mismo tiempo, una combi acerc\u00f3 hasta la plaza a un grupo de familiares de desaparecidos de Gualeguaych\u00fa. \u201cEste es un momento muy importante para estar ac\u00e1\u201d, dijo Patricia Savoy, 60 a\u00f1os. \u201cCon las piedras y piedritas que nos est\u00e1n poniendo en el camino, es un momento para hacer un abrazo simb\u00f3lico a las viejas que nos marcaron el camino durante tantos a\u00f1os\u201d.<\/p>\n<p>\u201c\u00a1No! No estoy preocupado por m\u00ed\u201d, dijo un hombre, el cuerpo metido entre la marea humana que intentaba llegar hasta Rivadavia. \u201cEstoy preocupado por las viejas. Nosotros ya estamos jugados\u201d. Tres pibes llevan chalecos de la CGT. Son parte de uno de los sectores combativos. Los chalecos dicen Sindicato de Obreros Curtidores. Oscar Gomez, 27 a\u00f1os, es secretario de la juventud sindical. \u201cEstamos ac\u00e1 porque nos sentimos identificados con las luchas de las madres, de la abuelas y con todas las luchas de este tiempo. Estuvimos el domingo, en la de Milagro Sala, en el Puente Pueyrred\u00f3n, contra los fondos buitres y en Comodoro Py. Donde tiene que estar el movimiento obrero\u201d. En lo que aparece como parte de una suerte de ocupaci\u00f3n de posiciones dentro de un espacio en tensiones, otro de sus compa\u00f1eros explica que son 700 los compa\u00f1eros suspendidos y despedidos en la actividad. Y pasa lista a los problemas: importaci\u00f3n, castigo a las pymes, luz, gas, agua e inflaci\u00f3n.<\/p>\n<p>Un librero ubic\u00f3 una mesa en uno de los caminos de la plaza. \u201cVoy donde hay militancia, \u00a1si tengo todos libros subversivos! Pero ojo \u2013aclara\u2013, soy corajudo, aunque son ellos los que me cuidan\u201d. Alrededor se concentran y van pasando banderas de La C\u00e1mpora, la Tupac Amaru, de las distintas regionales de ATE, Nuevo Encuentro, Kolina, HIJOS, Peronismo Rebelde, la N\u00e9stor Kirchner, Agrupaci\u00f3n El Eternauta, Peronismo Militante. Hay grupos de arte. Tres carteles que cambian de posici\u00f3n y forman Madres Divino Tesoro. \u201cQuiero soberan\u00eda para mi patria y la venimos a construir entre todos\u201d, dice Luisa Kuliok. Pasan Axel Kicillof, Wado de Pedro, Horacio Pietragalla, Alejandro Vanoli, Ricardo Forster, Eduardo Jozami, Mar\u00eda Elena Naddeo, Gabriela Cerruti, Mart\u00edn Sabbatella, Florencia Saintout, Nilda Garr\u00e9, Trist\u00e1n Bauer. Hay varios con los carteles de las noches de ruidazos. Rogelio Morales, profesor de historia, jubilado, egresado del Salvador. Como pudo, pero m\u00e1s temprano, logr\u00f3 colarse hasta cerca de las vallas. Se hizo un cartel para colgarse en el cuello con la cara de Macri y la duda sobre los 9 o 30 mil. \u201cYo tengo tres alumnos desaparecidos\u201d, dice en\u00e9rgico. \u201c\u00bfC\u00f3mo puede ser que este hombre diga que el n\u00famero no le importa? \u00a1And\u00e1 a ver qu\u00e9 pasa en Alemania si Merkel dice una cosa as\u00ed: al otro d\u00eda tiene que irse!<\/p>\n<p>\u2013\u00bfY usted como profesor de historia c\u00f3mo ve todo esto?<\/p>\n<p>\u2013\u00a1Por Dios!<\/p>\n<p>Empieza a decir. Y de pronto, se escucha a un pibe: \u00a1No le pregunt\u00e9s eso porque le va a subir la presi\u00f3n!<\/p>\n<p>\u201cYo le dec\u00eda a Mariano que hab\u00eda que hacer m\u00e1s remeras de Juana Azurduy\u201d, comenta una vendedora. Una madre pasa con un hijo. Pasa un cartel: Macri par\u00e1 la mano. Las tertulias y discusiones se escuchan en cada esquina. Hay tiempo de espera. La marcha que no es ronda sino marcha, como explican desde el escenario, debe dar una de sus vueltas m\u00e1s largas.<\/p>\n<p>El 30 de abril de 1977 un grupo de mujeres, convocadas por Azucena Villaflor, se reuni\u00f3 en la Plaza de Mayo para reclamar por sus hijos desaparecidos. Un polic\u00eda, haciendo caso a la ley impuesta por la dictadura, les dijo que no pod\u00edan quedarse quietas all\u00ed reunidas. \u201cCirculen\u201d, orden\u00f3 el agente, y las mujeres empezaron a caminar alrededor de la Pir\u00e1mide de Mayo. Todav\u00eca lo hacen.<\/p>\n<h6>Fuente: p\u00e1gina 12<\/h6>\n","protected":false},"excerpt":{"rendered":"<p>Miles y miles de personas acompa\u00f1aron a las Madres de Plaza de Mayo. Hebe de Bonafini dijo que \u201cme plant\u00e9 porque tengo claro que los pueblos podemos hacer mucho m\u00e1s de lo que creemos\u201d.<\/p>\n","protected":false},"author":2,"featured_media":52242,"comment_status":"closed","ping_status":"closed","sticky":false,"template":"","format":"standard","meta":{"footnotes":""},"categories":[8],"tags":[21],"class_list":["post-52241","post","type-post","status-publish","format-standard","has-post-thumbnail","hentry","category-informe-nacional","tag-argentina"],"_links":{"self":[{"href":"http:\/\/argentinamunicipal.com.ar\/argentina\/wp-json\/wp\/v2\/posts\/52241","targetHints":{"allow":["GET"]}}],"collection":[{"href":"http:\/\/argentinamunicipal.com.ar\/argentina\/wp-json\/wp\/v2\/posts"}],"about":[{"href":"http:\/\/argentinamunicipal.com.ar\/argentina\/wp-json\/wp\/v2\/types\/post"}],"author":[{"embeddable":true,"href":"http:\/\/argentinamunicipal.com.ar\/argentina\/wp-json\/wp\/v2\/users\/2"}],"replies":[{"embeddable":true,"href":"http:\/\/argentinamunicipal.com.ar\/argentina\/wp-json\/wp\/v2\/comments?post=52241"}],"version-history":[{"count":0,"href":"http:\/\/argentinamunicipal.com.ar\/argentina\/wp-json\/wp\/v2\/posts\/52241\/revisions"}],"wp:featuredmedia":[{"embeddable":true,"href":"http:\/\/argentinamunicipal.com.ar\/argentina\/wp-json\/wp\/v2\/media\/52242"}],"wp:attachment":[{"href":"http:\/\/argentinamunicipal.com.ar\/argentina\/wp-json\/wp\/v2\/media?parent=52241"}],"wp:term":[{"taxonomy":"category","embeddable":true,"href":"http:\/\/argentinamunicipal.com.ar\/argentina\/wp-json\/wp\/v2\/categories?post=52241"},{"taxonomy":"post_tag","embeddable":true,"href":"http:\/\/argentinamunicipal.com.ar\/argentina\/wp-json\/wp\/v2\/tags?post=52241"}],"curies":[{"name":"wp","href":"https:\/\/api.w.org\/{rel}","templated":true}]}}