{"id":52244,"date":"2016-08-12T08:04:19","date_gmt":"2016-08-12T11:04:19","guid":{"rendered":"http:\/\/argentinamunicipal.com.ar\/argentina\/?p=52244"},"modified":"2016-08-12T08:04:19","modified_gmt":"2016-08-12T11:04:19","slug":"1-400-000-nuevos-pobres-argentina-segun-informe-la-uca","status":"publish","type":"post","link":"http:\/\/argentinamunicipal.com.ar\/argentina\/1-400-000-nuevos-pobres-argentina-segun-informe-la-uca\/","title":{"rendered":"Hay 1.400.000 nuevos pobres en Argentina, seg\u00fan un informe de la UCA"},"content":{"rendered":"<p>Alrededor de 1.400.000 personas pasaron a ser pobres entre fines de 2015 y el primer trimestre de este a\u00f1o, con lo que 13 millones de habitantes se encuentran en esa situaci\u00f3n, mientras que otras 400 mil personas cayeron en indigencia.<\/p>\n<p>Con duras cr\u00edticas al Gobierno y con proyecciones preocupantes, fue presentado el \u00abBar\u00f3metro de la Deuda Social Argentina\u00bb elaborado por la Universidad Cat\u00f3lica Argentina (UCA).<\/p>\n<p>De este relevamiento surgi\u00f3 que el \u00edndice de indigencia pas\u00f3 de 5,3% de diciembre al 6,2% de finales del primer trimestre de este a\u00f1o.<\/p>\n<p>En la misma medici\u00f3n, el \u00edndice de pobreza creci\u00f3 del 29% al 32,6%, lo que represent\u00f3 que 1.400.000 habitantes hayan ca\u00eddo en la pobreza y de esa manera casi un tercio de la poblaci\u00f3n argentina est\u00e9 en esa situaci\u00f3n.<\/p>\n<p>La escalada inflacionaria, la suba de tarifas y la ineficacia de las medidas de contenci\u00f3n social adoptadas por parte del Gobierno de Mauricio Macri acrecentaron los alarmantes \u00edndices de pobreza e indigencia.<\/p>\n<p>El informe advirti\u00f3 que m\u00e1s de dos millones de hogares no cuentan con tarifa social, ni subsidios, pese a que atraviesan un per\u00edodo cr\u00edtico y son altamente vulnerables.<\/p>\n<p>El cr\u00edtico documento de la UCA advierte acerca de la existencia de un sector de la poblaci\u00f3n con \u00abmayor riesgo\u00bb frente el aumento de precios, el tarifazo en servicios y el proceso recesivo, ya que no se encuentra inclu\u00eddo en planes sociales o cuentan con subsidios.<\/p>\n<p>\u00abEsta masa de segmentos de clase media baja o sectores populares constituyen los nuevos pobres que emergen de medidas normalizadoras adoptadas por el actual gobierno\u00bb, alerta el resumen elaborado bajo la direcci\u00f3n del soci\u00f3logo Agust\u00edn Salvia, al frente del Observatorio de Deuda.<\/p>\n<p>Agrega: \u00abEs factible que el Gobierno necesite ganar tiempo para que la econom\u00eda comience a crecer y para generar confianza en que un futuro distinto es posible, sin embargo, muy poco se lograr\u00e1 si no hay una distribuci\u00f3n socialmente m\u00e1s equitativa de los costos del ajuste\u00bb.<\/p>\n<p>En el acto de presentaci\u00f3n, Salvia advirti\u00f3 que \u00abno resulta suficiente\u00bb el crecimiento econ\u00f3mico para que la realidad social pueda modificarse.<\/p>\n<p>\u00abLa falta de estad\u00edsticas oficiales confiables de 2007 en adelante priv\u00f3 al Estado de la posibilidad de buscar soluciones estrat\u00e9gicas. Esto lamentablemente sucedi\u00f3, pero hay que decir que hubo un giro por la reconstrucci\u00f3n del INDEC. Ahora somos escuchados\u00bb, se\u00f1al\u00f3 el especialista.<\/p>\n<p>Seg\u00fan se inform\u00f3, el relevamiento se elabor\u00f3 en base a 5.700 hogares y en un universo geogr\u00e1fico de 25 aglomerados urbanos con m\u00e1s de 80.000 habitantes, con especial representaci\u00f3n del \u00e1rea metropolitana de Buenos Aires.<\/p>\n<p>Tres de cada 10 hogares de los principales centros urbanos reciben \u00abalguna pol\u00edtica social de empleo, transferencia de ingresos o son beneficiarios de programas de asistencia alimentaria\u00bb.<\/p>\n<p>El documento se\u00f1ala que \u00abel actual escenario fuertemente inflacionario contribuir\u00eda a la formaci\u00f3n de una nueva capa de pobres. En este marco, cabe preguntarse si son suficientes y est\u00e1n llegando a tiempo las medidas de alivio social adoptadas para los sectores m\u00e1s pobres\u00bb.<\/p>\n<p>Al exponer el informe, Salvia sostuvo que \u00abse constituyeron nuevos pobres que emergen de medidas normalizadoras adoptadas por el actual gobierno\u00bb.<\/p>\n<p>\u00abLos sectores medios bajos y la clase obrera integrada se han visto particularmente afectados entre fines de 2015 y comienzos de 2016\u00bb, agreg\u00f3.<\/p>\n<p>Alert\u00f3 que \u00absi en el corto plazo no se logran atenuar los aumentos de precios y no logra reactivar el empleo, dif\u00edcilmente podr\u00e1 revertirse la tendencia ascendente que est\u00e1n registrando las tasas de pobreza e indigencia urbana\u00bb.<\/p>\n<h6>Fuente: El Once<\/h6>\n","protected":false},"excerpt":{"rendered":"<p>Alrededor de 1.400.000 personas pasaron a ser pobres entre fines de 2015 y el primer trimestre de este a\u00f1o, con lo que 13 millones de habitantes se encuentran en esa situaci\u00f3n, mientras que otras 400 mil personas cayeron en indigencia.<\/p>\n","protected":false},"author":2,"featured_media":52245,"comment_status":"closed","ping_status":"closed","sticky":false,"template":"","format":"standard","meta":{"footnotes":""},"categories":[8],"tags":[21],"class_list":["post-52244","post","type-post","status-publish","format-standard","has-post-thumbnail","hentry","category-informe-nacional","tag-argentina"],"_links":{"self":[{"href":"http:\/\/argentinamunicipal.com.ar\/argentina\/wp-json\/wp\/v2\/posts\/52244","targetHints":{"allow":["GET"]}}],"collection":[{"href":"http:\/\/argentinamunicipal.com.ar\/argentina\/wp-json\/wp\/v2\/posts"}],"about":[{"href":"http:\/\/argentinamunicipal.com.ar\/argentina\/wp-json\/wp\/v2\/types\/post"}],"author":[{"embeddable":true,"href":"http:\/\/argentinamunicipal.com.ar\/argentina\/wp-json\/wp\/v2\/users\/2"}],"replies":[{"embeddable":true,"href":"http:\/\/argentinamunicipal.com.ar\/argentina\/wp-json\/wp\/v2\/comments?post=52244"}],"version-history":[{"count":0,"href":"http:\/\/argentinamunicipal.com.ar\/argentina\/wp-json\/wp\/v2\/posts\/52244\/revisions"}],"wp:featuredmedia":[{"embeddable":true,"href":"http:\/\/argentinamunicipal.com.ar\/argentina\/wp-json\/wp\/v2\/media\/52245"}],"wp:attachment":[{"href":"http:\/\/argentinamunicipal.com.ar\/argentina\/wp-json\/wp\/v2\/media?parent=52244"}],"wp:term":[{"taxonomy":"category","embeddable":true,"href":"http:\/\/argentinamunicipal.com.ar\/argentina\/wp-json\/wp\/v2\/categories?post=52244"},{"taxonomy":"post_tag","embeddable":true,"href":"http:\/\/argentinamunicipal.com.ar\/argentina\/wp-json\/wp\/v2\/tags?post=52244"}],"curies":[{"name":"wp","href":"https:\/\/api.w.org\/{rel}","templated":true}]}}