{"id":52247,"date":"2016-08-12T08:07:23","date_gmt":"2016-08-12T11:07:23","guid":{"rendered":"http:\/\/argentinamunicipal.com.ar\/argentina\/?p=52247"},"modified":"2016-08-12T08:07:23","modified_gmt":"2016-08-12T11:07:23","slug":"gobierno-santafesino-teme-desempleo-trepe-al-10-fin-ano","status":"publish","type":"post","link":"http:\/\/argentinamunicipal.com.ar\/argentina\/gobierno-santafesino-teme-desempleo-trepe-al-10-fin-ano\/","title":{"rendered":"El gobierno santafesino\u00a0teme que el desempleo trepe al 10% a fin de a\u00f1o"},"content":{"rendered":"<p>Son las proyecciones que maneja la cartera productiva santafesina sobre la situaci\u00f3n del empleo a nivel nacional.<\/p>\n<p>El ministro de Producci\u00f3n de Santa Fe, Luis Contigiani, se mostr\u00f3 preocupado por la evoluci\u00f3n del mercado de trabajo y advirti\u00f3 que si no cambian las condiciones econ\u00f3micas el desempleo a nivel nacional podr\u00eda ubicarse en el 10% a fin de a\u00f1o.<\/p>\n<p>El Instituto Nacional de Estad\u00edstica y Censos (Indec) no difunde las cifras de empleo que surgen de la Encuesta Permanente de Hogares (EPH), desde fines del a\u00f1o pasado. El \u00faltimo dato oficial corresponde al segundo trimestre de 2015, que arroj\u00f3 un \u00edndice de desocupaci\u00f3n de 6,6% a nivel nacional y del 8,3% en el Gran Rosario.<\/p>\n<p>Pese a la ausencia de cifras del Indec, el Ministerio de Trabajo de la Naci\u00f3n admiti\u00f3 que en mayo pasado se registraron 60 mil trabajadores menos que en el mismo mes del a\u00f1o anterior en el sector privado formal. Seg\u00fan estos datos, tomados del Sistema Integrado Previsional Argentino (Sipa), unos 100 mil empleados dejaron de serlo desde que asumi\u00f3 el nuevo gobierno nacional.<\/p>\n<p>Esta medici\u00f3n capta s\u00f3lo una porci\u00f3n del mercado laboral. De hecho, la del segmento m\u00e1s protegido. En el amplio universo de trabajadores precarizados y cuentapropistas, se estima que el panorama es mucho peor y el proceso de deterioro mucho m\u00e1s r\u00e1pido.<\/p>\n<p>En Santa Fe, el empleo privado formal mostr\u00f3 un leve deterioro en el mes de julio. Hasta un mes antes se hab\u00eda mostrado relativamente estable. Fundamentalmente porque la obra p\u00fablica provincial y municipal no se fren\u00f3 en estos seis meses, lo que amortigu\u00f3 el impacto en el empleo en ese sector. Eso explica lo que Contigiani llam\u00f3 un \u00abdesacople t\u00e9cnico\u00bb respecto de lo que sucedi\u00f3 a nivel nacional.<\/p>\n<p>Bomba de tiempo. Pero el ministro se mostr\u00f3 preocupado porque \u00abla foto de julio es muy preocupante\u00bb. Sobre todo porque \u00abhay un brutal ajuste de horas trabajadas\u00bb, que tiene su correlato en la cantidad de empleados suspendidos y en la cantidad de empresas bajo el paraguas del procedimiento de crisis.<\/p>\n<p>Seg\u00fan datos del Ministerio de Trabajo de Santa Fe, en el primer semestre de 2016 se duplicaron estos expedientes, que involucran a 80 empresas y 9 mil trabajadores. El espectro es amplio en rubros y tama\u00f1os.<\/p>\n<p>Para el titular de la cartera productiva provincial, la ca\u00edda del mercado interno, la crisis de las empresas por falta de demanda, aumento de costos y competencia de las importaciones, as\u00ed como la reducci\u00f3n del poder adquisitivo del salario, configuran un escenario de par\u00e1lisis que impacta de lleno en el empleo.<\/p>\n<p>\u00abEn este contexto de una receta monetarista cl\u00e1sica que estamos enfrentando como estrategia econ\u00f3mica, vemos estos resultados; los primeros sectores afectados por este tipo de pol\u00edticas son los industriales, el mercado interno y el comercio minorista\u00bb.<\/p>\n<p>El funcionario se mostr\u00f3 preocupado por el tema comercial porque \u00abes uno de los motores econ\u00f3micos en las ciudades\u00bb santafesinas.<\/p>\n<p>Tendencia. \u00abSi la econom\u00eda no cambia, la proyecci\u00f3n que est\u00e1n haciendo los estudios t\u00e9cnicos que consulto nos coloca a fin de a\u00f1o o a principios del que viene en el borde del 10%\u00bb, alert\u00f3.<\/p>\n<p>A trav\u00e9s de sus asesores econ\u00f3micos, y en base a informaci\u00f3n oficial y privada, en el equipo de Producci\u00f3n monitorean y proyectan escenarios de empleo. Estiman que a esta altura del a\u00f1o el desempleo a nivel nacional se ubica ente 7,5% y 8%. \u00abPero lo que m\u00e1s me preocupa es la tendencia\u00bb, dijo Contigiani.<\/p>\n<p>En el Ministerio de Producci\u00f3n de la provincia est\u00e1n preocupados por la foto del empleo, la tendencia y tambi\u00e9n por la respuesta del gobierno nacional.<\/p>\n<p>\u00abEl gobierno de Santa Fe no se corre del conflicto sino que asiste a las empresas, dicta procedimientos de crisis y acompa\u00f1a a los sectores afectados, pero vemos con preocupaci\u00f3n que para algunos funcionarios nacionales la respuesta que se escucha a esta problem\u00e1tica es simplemente que las empresas no son competitivas o no son viables\u00bb.<\/p>\n<h6>Fuente: La Capital Rosario<\/h6>\n","protected":false},"excerpt":{"rendered":"<p>Son las proyecciones que maneja la cartera productiva santafesina sobre la situaci\u00f3n del empleo a nivel nacional.<\/p>\n","protected":false},"author":2,"featured_media":52248,"comment_status":"closed","ping_status":"closed","sticky":false,"template":"","format":"standard","meta":{"footnotes":""},"categories":[65],"tags":[10],"class_list":["post-52247","post","type-post","status-publish","format-standard","has-post-thumbnail","hentry","category-provincias","tag-santa-fe"],"_links":{"self":[{"href":"http:\/\/argentinamunicipal.com.ar\/argentina\/wp-json\/wp\/v2\/posts\/52247","targetHints":{"allow":["GET"]}}],"collection":[{"href":"http:\/\/argentinamunicipal.com.ar\/argentina\/wp-json\/wp\/v2\/posts"}],"about":[{"href":"http:\/\/argentinamunicipal.com.ar\/argentina\/wp-json\/wp\/v2\/types\/post"}],"author":[{"embeddable":true,"href":"http:\/\/argentinamunicipal.com.ar\/argentina\/wp-json\/wp\/v2\/users\/2"}],"replies":[{"embeddable":true,"href":"http:\/\/argentinamunicipal.com.ar\/argentina\/wp-json\/wp\/v2\/comments?post=52247"}],"version-history":[{"count":0,"href":"http:\/\/argentinamunicipal.com.ar\/argentina\/wp-json\/wp\/v2\/posts\/52247\/revisions"}],"wp:featuredmedia":[{"embeddable":true,"href":"http:\/\/argentinamunicipal.com.ar\/argentina\/wp-json\/wp\/v2\/media\/52248"}],"wp:attachment":[{"href":"http:\/\/argentinamunicipal.com.ar\/argentina\/wp-json\/wp\/v2\/media?parent=52247"}],"wp:term":[{"taxonomy":"category","embeddable":true,"href":"http:\/\/argentinamunicipal.com.ar\/argentina\/wp-json\/wp\/v2\/categories?post=52247"},{"taxonomy":"post_tag","embeddable":true,"href":"http:\/\/argentinamunicipal.com.ar\/argentina\/wp-json\/wp\/v2\/tags?post=52247"}],"curies":[{"name":"wp","href":"https:\/\/api.w.org\/{rel}","templated":true}]}}