{"id":52253,"date":"2016-08-12T08:17:12","date_gmt":"2016-08-12T11:17:12","guid":{"rendered":"http:\/\/argentinamunicipal.com.ar\/argentina\/?p=52253"},"modified":"2016-08-12T08:17:12","modified_gmt":"2016-08-12T11:17:12","slug":"naranjas-espanolas-frutillas-polacas","status":"publish","type":"post","link":"http:\/\/argentinamunicipal.com.ar\/argentina\/naranjas-espanolas-frutillas-polacas\/","title":{"rendered":"Naranjas espa\u00f1olas y frutillas polacas"},"content":{"rendered":"<p>La liberalizaci\u00f3n de la importaci\u00f3n de alimentos causa problemas en econom\u00edas regionales y en establecimientos medianos y chicos. Se dispararon las compras de frutas, hortalizas, carne porcina y pollo.<\/p>\n<p>La calurosa bienvenida que recibi\u00f3 hace dos semanas el presidente Mauricio Macri en el predio de La Rural refleja el sesgo del Gobierno en favor de los grandes jugadores del sector agropecuario vinculados a las producciones tradicionales: cereales, oleaginosas y ganader\u00eda. Sin embargo, otro amplio grupo de producciones no recibe un tratamiento tan beneficioso. La liberalizaci\u00f3n de la importaci\u00f3n de alimentos causa problemas en econom\u00edas regionales y en establecimientos medianos y chicos. Seg\u00fan el Indec, crecieron importaciones de frutas y hortalizas, carne porcina y pollo, en mercados cuyas ventas est\u00e1n en baja.<\/p>\n<p>En el primer semestre, la importaci\u00f3n de naranjas provenientes de Espa\u00f1a y M\u00e9xico lleg\u00f3 a las 3542 toneladas, cuando en el mismo per\u00edodo del a\u00f1o pasado no se registraban compras al exterior. En el caso de la mandarina, fueron 45 toneladas desde Uruguay, una operaci\u00f3n que tampoco se hab\u00eda registrado durante el mismo per\u00edodo de 2015. No se trata de vol\u00famenes que pongan en riesgo a esos sectores, pero llaman la atenci\u00f3n en un contexto de depresi\u00f3n del mercado interno. Una de las regiones afectadas es el norte de la provincia de Buenos Aires y Entre R\u00edos. Al respecto, el legislador provincial de Entre R\u00edos Ra\u00fal Mart\u00ednez (FpV) dijo que \u201ca los productores de naranjas se les paga 2,50 pesos el kilo y est\u00e1n fundidos como los peque\u00f1os o medianos productores de manzanas de R\u00edo Negro, por lo que importar naranjas significa la desaparici\u00f3n de esos sectores. Una naranja que no se produce en el pa\u00eds es un productor, un recolector y un camionero menos en las rutas llevando nuestra producci\u00f3n\u201d. Tambi\u00e9n desde el Frente Renovador entrerriano presentaron un proyecto para regular la importaci\u00f3n de pollos, cerdos, l\u00e1cteos y c\u00edtricos. Los importadores justifican que los problemas meteorol\u00f3gicos restringieron la oferta nacional de c\u00edtricos, lo que impact\u00f3 al alza en los precios al consumidor.<\/p>\n<p>La importaci\u00f3n de frutillas congeladas provenientes de China y de Polonia fue en el primer semestre de 70 toneladas, mientras que a esta altura del a\u00f1o pasado no se registraban compras al exterior. En el segundo semestre de 2015 se importaron 69 toneladas. En el caso de las ciruelas, las compras a Chile sumaron 863 toneladas entre enero y junio, diez veces m\u00e1s que en el mismo per\u00edodo de 2015.<\/p>\n<p>El factor clave para explicar la suba de importaciones es que los alimentos dejaron de contar con la protecci\u00f3n paraarancelaria que brindaban las Declaraciones Juradas Anticipadas de Importaci\u00f3n (DJAI) y ahora est\u00e1n bajo el sistema de licencias autom\u00e1ticas de importaci\u00f3n, cuyo tr\u00e1mite tiene luz verde en 48 horas.<\/p>\n<p>\u201cA los productores de las econom\u00edas regionales este gobierno les dijo que iban a estar mucho mejor. Lo que se observa con el achicamiento del consumo interno es que la situaci\u00f3n no les mejor\u00f3 e incluso tendi\u00f3 a empeorar. El aumento de las importaciones en este contexto tiene un efecto negativo para los peque\u00f1os y medianos productores\u201d, explic\u00f3 a este diario Javier Rodr\u00edguez, ex secretario de Coordinaci\u00f3n Pol\u00edtica y Emergencia Agropecuaria del Ministerio de Agricultura.<\/p>\n<p>Uno de los sectores m\u00e1s afectados es la ganader\u00eda porcina, sobre todo los peque\u00f1os productores de la regi\u00f3n pampeana. En los primeros seis meses se importaron desde Brasil y Dinamarca 9735 toneladas, un crecimiento interanual del 88 por ciento. El presidente de la Copal, Daniel Funes de Rioja, dijo a P\u00e1gina\/12 que \u201csobre todo en conservas y cerdos se not\u00f3 un incremento de importaciones m\u00e1s all\u00e1 de los flujos normales. Eso estuvo vinculado al tema Brasil, que ha generado excedentes exportables que perturban al mercado local. Hay una preocupaci\u00f3n general en el sector por este tema\u201d.<\/p>\n<p>En el caso del pollo, las importaciones de Brasil sumaron 3100 toneladas, m\u00e1s de un 1000 por ciento por encima de los 279 toneladas del primer semestre del a\u00f1o pasado. \u201cEl combo es negativo: ca\u00edda del consumo nacional, menos exportaciones por falta de competitividad del d\u00f3lar e incremento de importaciones\u201d, dijo Alejandro Coianiz, de la C\u00e1mara Av\u00edcola Santafesina a un medio de esa provincia. Por otro lado, la importaci\u00f3n de hortalizas aument\u00f3 en el primer semestre un 475 por ciento, de 1126 a 6475 toneladas, seg\u00fan datos del Senasa que present\u00f3 un reciente informe del Instituto de Econom\u00eda Popular.<\/p>\n<h6>Fuente: P\u00e1gina 12<\/h6>\n","protected":false},"excerpt":{"rendered":"<p>La liberalizaci\u00f3n de la importaci\u00f3n de alimentos causa problemas en econom\u00edas regionales y en establecimientos medianos y chicos. Se dispararon las compras de frutas, hortalizas, carne porcina y pollo.<\/p>\n","protected":false},"author":2,"featured_media":52254,"comment_status":"closed","ping_status":"closed","sticky":false,"template":"","format":"standard","meta":{"footnotes":""},"categories":[8],"tags":[21],"class_list":["post-52253","post","type-post","status-publish","format-standard","has-post-thumbnail","hentry","category-informe-nacional","tag-argentina"],"_links":{"self":[{"href":"http:\/\/argentinamunicipal.com.ar\/argentina\/wp-json\/wp\/v2\/posts\/52253","targetHints":{"allow":["GET"]}}],"collection":[{"href":"http:\/\/argentinamunicipal.com.ar\/argentina\/wp-json\/wp\/v2\/posts"}],"about":[{"href":"http:\/\/argentinamunicipal.com.ar\/argentina\/wp-json\/wp\/v2\/types\/post"}],"author":[{"embeddable":true,"href":"http:\/\/argentinamunicipal.com.ar\/argentina\/wp-json\/wp\/v2\/users\/2"}],"replies":[{"embeddable":true,"href":"http:\/\/argentinamunicipal.com.ar\/argentina\/wp-json\/wp\/v2\/comments?post=52253"}],"version-history":[{"count":0,"href":"http:\/\/argentinamunicipal.com.ar\/argentina\/wp-json\/wp\/v2\/posts\/52253\/revisions"}],"wp:featuredmedia":[{"embeddable":true,"href":"http:\/\/argentinamunicipal.com.ar\/argentina\/wp-json\/wp\/v2\/media\/52254"}],"wp:attachment":[{"href":"http:\/\/argentinamunicipal.com.ar\/argentina\/wp-json\/wp\/v2\/media?parent=52253"}],"wp:term":[{"taxonomy":"category","embeddable":true,"href":"http:\/\/argentinamunicipal.com.ar\/argentina\/wp-json\/wp\/v2\/categories?post=52253"},{"taxonomy":"post_tag","embeddable":true,"href":"http:\/\/argentinamunicipal.com.ar\/argentina\/wp-json\/wp\/v2\/tags?post=52253"}],"curies":[{"name":"wp","href":"https:\/\/api.w.org\/{rel}","templated":true}]}}