{"id":52259,"date":"2016-08-12T06:20:37","date_gmt":"2016-08-12T09:20:37","guid":{"rendered":"http:\/\/argentinamunicipal.com.ar\/argentina\/?p=52259"},"modified":"2016-08-12T08:22:41","modified_gmt":"2016-08-12T11:22:41","slug":"neuquen-anunciaron-obras-barrio-villa-ceferino","status":"publish","type":"post","link":"http:\/\/argentinamunicipal.com.ar\/argentina\/neuquen-anunciaron-obras-barrio-villa-ceferino\/","title":{"rendered":"Neuqu\u00e9n: Anunciaron obras para el barrio Villa Ceferino"},"content":{"rendered":"<p>El Municipio anunci\u00f3 ayer que a fin de mes se firmar\u00e1 un contrato por casi 12 millones de pesos para ejecutar cordones cuneta, desag\u00fces pluviales y la pavimentaci\u00f3n de 25 cuadras en el barrio Villa Ceferino.<\/p>\n<p>El Municipio anunci\u00f3 ayer que a fin de mes se firmar\u00e1 un contrato por casi 12 millones de pesos para ejecutar cordones cuneta, desag\u00fces pluviales y la pavimentaci\u00f3n de 25 cuadras en el barrio Villa Ceferino.<\/p>\n<p>El secretario de Obras P\u00fablicas, Guillermo Monzani, se\u00f1al\u00f3 que tambi\u00e9n, antes de que concluya agosto, est\u00e1 prevista la apertura de una licitaci\u00f3n para pavimentar Calle 4 (Lago Viedma) hasta el centro de salud de Almafuerte en una primera etapa y hasta Crouzeilles en 2017, agreg\u00f3 el funcionario.<\/p>\n<p>Por su lado, el secretario de Econom\u00eda y Hacienda, Jos\u00e9 Luis Artaza, anticip\u00f3 la decisi\u00f3n del intendente Horacio Quiroga de afectar la mayor cantidad de recursos posibles a obra p\u00fablica para el 2017.<\/p>\n<p>\u201cLos 400 millones de pesos de este a\u00f1o van a estar asegurados y todo apunta a que la partida sea superadora\u201d en el Presupuesto Municipal que se viene trabajando para el a\u00f1o pr\u00f3ximo, detall\u00f3 el funcionario. En este marco, Monzani remarc\u00f3 que las obras de conectividad vial son prioritarias para esta administraci\u00f3n y lo fundament\u00f3 en obras que se encuentran en plena ejecuci\u00f3n o lo estar\u00e1n en el corto plazo en la ciudad de Neuqu\u00e9n. Puso el acento en las que se hacen en el oeste porque \u201cmucho se habla de este sector y es donde m\u00e1s estamos trabajando\u201d.<\/p>\n<h6>Fuente: La Ma\u00f1ana Neuqu\u00e9n<\/h6>\n","protected":false},"excerpt":{"rendered":"<p>El Municipio anunci\u00f3 ayer que a fin de mes se firmar\u00e1 un contrato por casi 12 millones de pesos para ejecutar cordones cuneta, desag\u00fces pluviales y la pavimentaci\u00f3n de 25 cuadras en el barrio Villa Ceferino.<\/p>\n","protected":false},"author":2,"featured_media":52260,"comment_status":"closed","ping_status":"closed","sticky":false,"template":"","format":"standard","meta":{"footnotes":""},"categories":[2],"tags":[23],"class_list":["post-52259","post","type-post","status-publish","format-standard","has-post-thumbnail","hentry","category-informe-municipal","tag-neuquen"],"_links":{"self":[{"href":"http:\/\/argentinamunicipal.com.ar\/argentina\/wp-json\/wp\/v2\/posts\/52259","targetHints":{"allow":["GET"]}}],"collection":[{"href":"http:\/\/argentinamunicipal.com.ar\/argentina\/wp-json\/wp\/v2\/posts"}],"about":[{"href":"http:\/\/argentinamunicipal.com.ar\/argentina\/wp-json\/wp\/v2\/types\/post"}],"author":[{"embeddable":true,"href":"http:\/\/argentinamunicipal.com.ar\/argentina\/wp-json\/wp\/v2\/users\/2"}],"replies":[{"embeddable":true,"href":"http:\/\/argentinamunicipal.com.ar\/argentina\/wp-json\/wp\/v2\/comments?post=52259"}],"version-history":[{"count":0,"href":"http:\/\/argentinamunicipal.com.ar\/argentina\/wp-json\/wp\/v2\/posts\/52259\/revisions"}],"wp:featuredmedia":[{"embeddable":true,"href":"http:\/\/argentinamunicipal.com.ar\/argentina\/wp-json\/wp\/v2\/media\/52260"}],"wp:attachment":[{"href":"http:\/\/argentinamunicipal.com.ar\/argentina\/wp-json\/wp\/v2\/media?parent=52259"}],"wp:term":[{"taxonomy":"category","embeddable":true,"href":"http:\/\/argentinamunicipal.com.ar\/argentina\/wp-json\/wp\/v2\/categories?post=52259"},{"taxonomy":"post_tag","embeddable":true,"href":"http:\/\/argentinamunicipal.com.ar\/argentina\/wp-json\/wp\/v2\/tags?post=52259"}],"curies":[{"name":"wp","href":"https:\/\/api.w.org\/{rel}","templated":true}]}}