{"id":52265,"date":"2016-08-12T06:27:24","date_gmt":"2016-08-12T09:27:24","guid":{"rendered":"http:\/\/argentinamunicipal.com.ar\/argentina\/?p=52265"},"modified":"2016-08-12T08:30:57","modified_gmt":"2016-08-12T11:30:57","slug":"esperanza-primera-ciudad-plan-estrategico-del-interior-provincial","status":"publish","type":"post","link":"http:\/\/argentinamunicipal.com.ar\/argentina\/esperanza-primera-ciudad-plan-estrategico-del-interior-provincial\/","title":{"rendered":"Esperanza, primera ciudad con plan estrat\u00e9gico del interior provincial"},"content":{"rendered":"<p>El director provincial de Turismo, Mauricio Colombo, explic\u00f3 que la ciudad cabecera del departamento Las Colonias ser\u00e1 la primera en la provincia de Santa Fe en contar con un plan de desarrollo tur\u00edstico.<\/p>\n<p>Tras la firma del acta compromiso entre el gobierno provincial y el municipio esperancino, comenzaron las primeras acciones que buscan la implementaci\u00f3n del Plan Estrat\u00e9gico de Turismo de la Ciudad de Esperanza 2025.<\/p>\n<p>En este sentido, d\u00edas pasados se desarroll\u00f3 el primer taller ante un gran n\u00famero de empresarios de la ciudad. El trabajo se llev\u00f3 a cabo a trav\u00e9s de comisiones poniendo de relieve los objetivos, y metas sobre cada marco, para lograr las acciones que permitan la consolidaci\u00f3n del proyecto.<\/p>\n<p>Sobre este tema, el director provincial de Turismo, Mauricio Colombo, manifest\u00f3 que la firma de ese acuerdo convierte a Esperanza en la primera ciudad del interior de la provincia que trabaja en esta transferencia metodol\u00f3gica.<\/p>\n<p>\u201cEn el caso de la ciudad de Esperanza, trabajamos en la realizaci\u00f3n de un plan estrat\u00e9gico de Turismo, a trav\u00e9s de las herramientas que posee la Secretar\u00eda. Ser\u00e1 la primera ciudad donde vamos a trabajar con esta metodolog\u00eda\u201d, destac\u00f3.<\/p>\n<p>Colombo agreg\u00f3 que la reuni\u00f3n -llevada a cabo en los \u00faltimos d\u00edas- convoc\u00f3 al sector p\u00fablico y privado, para charlar sobre los objetivos que permitan mejorar el turismo no s\u00f3lo en la ciudad sino tambi\u00e9n en la regi\u00f3n.<\/p>\n<p>\u201cEl proyecto tiene como objetivo promover un desarrollo tur\u00edstico que concilie, equilibre y fomente la equidad social, la sustentabilidad natural y la rentabilidad de la inversi\u00f3n p\u00fablica, privada y social\u201d, apunt\u00f3.<\/p>\n<p>El Plan Estrat\u00e9gico para el desarrollo sostenible del turismo contiene diferentes prioridades. La preservaci\u00f3n del recurso y su aprovechamiento racional; La generaci\u00f3n de empleo; La atenci\u00f3n a las necesidades de la poblaci\u00f3n local y al beneficio que se debe derivar hacia ellas de las actividades econ\u00f3micas relacionadas con el turismo; La atenci\u00f3n al turista en la satisfacci\u00f3n de sus necesidades y en la interrelaci\u00f3n de \u00e9ste con la comunidad local y con el aprovechamiento de los recursos; La rentabilidad de las empresas tur\u00edsticas locales.<\/p>\n<p>Por su parte, la intendenta Ana Meiners manifest\u00f3 que \u2018\u2018este es el camino para seguir cimentando el crecimiento de la ciudad. \u201cLa manera es trabajando juntos, escuch\u00e1ndonos, sumando el conocimiento de los que saben, poniendo siempre el foco en el desarrollo y el progreso por sobre cualquier mezquindad. Trabajamos provincia, municipio, el sector p\u00fablico junto al privado, con vocaci\u00f3n por seguir haciendo grande a Esperanza, en este caso desde el turismo\u201d, puntualiz\u00f3.<\/p>\n<h6>Fuente: El Litoral Santa Fe<\/h6>\n","protected":false},"excerpt":{"rendered":"<p>El director provincial de Turismo, Mauricio Colombo, explic\u00f3 que la ciudad cabecera del departamento Las Colonias ser\u00e1 la primera en la provincia de Santa Fe en contar con un plan de desarrollo tur\u00edstico.<\/p>\n","protected":false},"author":2,"featured_media":52266,"comment_status":"closed","ping_status":"closed","sticky":false,"template":"","format":"standard","meta":{"footnotes":""},"categories":[2],"tags":[10],"class_list":["post-52265","post","type-post","status-publish","format-standard","has-post-thumbnail","hentry","category-informe-municipal","tag-santa-fe"],"_links":{"self":[{"href":"http:\/\/argentinamunicipal.com.ar\/argentina\/wp-json\/wp\/v2\/posts\/52265","targetHints":{"allow":["GET"]}}],"collection":[{"href":"http:\/\/argentinamunicipal.com.ar\/argentina\/wp-json\/wp\/v2\/posts"}],"about":[{"href":"http:\/\/argentinamunicipal.com.ar\/argentina\/wp-json\/wp\/v2\/types\/post"}],"author":[{"embeddable":true,"href":"http:\/\/argentinamunicipal.com.ar\/argentina\/wp-json\/wp\/v2\/users\/2"}],"replies":[{"embeddable":true,"href":"http:\/\/argentinamunicipal.com.ar\/argentina\/wp-json\/wp\/v2\/comments?post=52265"}],"version-history":[{"count":0,"href":"http:\/\/argentinamunicipal.com.ar\/argentina\/wp-json\/wp\/v2\/posts\/52265\/revisions"}],"wp:featuredmedia":[{"embeddable":true,"href":"http:\/\/argentinamunicipal.com.ar\/argentina\/wp-json\/wp\/v2\/media\/52266"}],"wp:attachment":[{"href":"http:\/\/argentinamunicipal.com.ar\/argentina\/wp-json\/wp\/v2\/media?parent=52265"}],"wp:term":[{"taxonomy":"category","embeddable":true,"href":"http:\/\/argentinamunicipal.com.ar\/argentina\/wp-json\/wp\/v2\/categories?post=52265"},{"taxonomy":"post_tag","embeddable":true,"href":"http:\/\/argentinamunicipal.com.ar\/argentina\/wp-json\/wp\/v2\/tags?post=52265"}],"curies":[{"name":"wp","href":"https:\/\/api.w.org\/{rel}","templated":true}]}}