{"id":52274,"date":"2016-08-12T08:45:15","date_gmt":"2016-08-12T11:45:15","guid":{"rendered":"http:\/\/argentinamunicipal.com.ar\/argentina\/?p=52274"},"modified":"2016-08-12T08:45:15","modified_gmt":"2016-08-12T11:45:15","slug":"encuentro-une-comunidades-aborigenes-rosario-12-13-agosto","status":"publish","type":"post","link":"http:\/\/argentinamunicipal.com.ar\/argentina\/encuentro-une-comunidades-aborigenes-rosario-12-13-agosto\/","title":{"rendered":"Un encuentro que une a comunidades abor\u00edgenes, Rosario, 12 y 13 de agosto"},"content":{"rendered":"<p>A partir de hoy indagar\u00e1n sobre \u00abel buen vivir\u00bb y el domingo la ciudad ser\u00e1 sede de la primera reuni\u00f3n de mujeres ind\u00edgenas.<\/p>\n<p>Rosario ser\u00e1 sede a partir de hoy del Primer Encuentro Intercultural por el Buen Vivir, el sugestivo nombre de un di\u00e1logo que durante tres jornadas mantendr\u00e1n referentes de distintos grupos \u00e9tnicos, abierto al p\u00fablico en general. La invitaci\u00f3n permitir\u00e1 conocer \u2014o al menos atisbar\u2014 otras formas de pensamiento, m\u00fasica y danza, aromas y maneras de concebir la salud, el intercambio y el amor que conviven, a veces sigilosamente, con las pr\u00e1cticas \u00aboccidentales\u00bb. El domingo, como corolario, se har\u00e1 el Primer Encuentro de Mujeres Ind\u00edgenas de Abya Yala, nombre que el pueblo Kuna de Panam\u00e1 y Colombia dio a lo que luego de la conquista se conocer\u00eda como Am\u00e9rica, adoptado por las organizaciones ind\u00edgenas del continente.<\/p>\n<p>La apertura ser\u00e1 hoy, a las 17, en el Almac\u00e9n de las Tres Ecolog\u00edas (Presidente Roca y el r\u00edo), con una charla y la presentaci\u00f3n de la comisi\u00f3n de mujeres del Consejo de Pol\u00edticas Ind\u00edgenas que funciona en la ciudad.<\/p>\n<p>En el lugar habr\u00e1 m\u00fasica en vivo y comidas t\u00edpicas de los distintos pueblos que participar\u00e1n de la convocatoria, entre ellos el mayoritario Qom, pero tambi\u00e9n de otras comunidades abor\u00edgenes que tienen miembros en Rosario, como mocov\u00edes, mapuches, quechuas, aymaras, tup\u00ed guaran\u00edes, wichis y kollas.<\/p>\n<p>\u00bfPero por qu\u00e9 Encuentro Intercultural por el Buen Vivir? \u00abPorque para estas cosmovisiones el \u00abvivir mejor\u00bb implica que hay otro que \u00abvive peor\u00bb. En cambio, el \u00abbuen vivir\u00bb supone un bienestar colectivo, en armon\u00eda con la naturaleza y con la vida, no un progreso individual y de acumulaci\u00f3n de objetos como alienta el capitalismo\u00bb, explica una integrante del Consejo Ind\u00edgena, \u00abmujer quechua\u00bb y funcionaria de la Secretar\u00eda de Salud, Anal\u00eda Chumpitaz.<\/p>\n<p>Ese buen vivir adopta los13 principios del Sumak Kawsay del mundo andino (saber comer, dormir, beber, danzar, meditar, pensar, hablar, escuchar, amar y ser amado, entre otros), que \u00aben t\u00e9rminos occidentales podr\u00edan sintetizarse en las grandes tem\u00e1ticas de la producci\u00f3n, la salud, la educaci\u00f3n y la pol\u00edtica\u00bb, traduce Chumpitaz.<\/p>\n<p>Sobre todas esas cosas \u2014la vida misma\u2014 debatir\u00e1n el s\u00e1bado los asistentes al encuentro, ese d\u00eda en el Centro de Convivencia Barrial (CCB) N\u00ba 8, de Rouill\u00f3n 4350. Lo bueno es que esa vez los talleres y las charlas estar\u00e1n \u00abmuy abiertos\u00bb a todo p\u00fablico, afirma Oscar Talero, hist\u00f3rico referente del pueblo Qom y defensor de los derechos ind\u00edgenas, quien record\u00f3 que en Santa Fe viven hoy unas 60 comunidades abor\u00edgenes.<\/p>\n<p>Los talleres arrancar\u00e1n el s\u00e1bado a las 9 y las 11 se har\u00e1 un plenario. A las 13 la cosmovisi\u00f3n compartida por mujeres quechuas, aymara y kolla se plasmar\u00e1 en un ritual de la Pachamama. Luego habr\u00e1 una comida comunitaria y a las 16 la cosmogon\u00eda toba se plasmar\u00e1 en una ceremonia del fuego.<\/p>\n<p>El domingo se acentuar\u00e1 el protagonismo femenino en el Primer Encuentro de Mujeres de Abya Yala, que desde las 9 tendr\u00e1 lugar en el mismo CCB de Rouill\u00f3n. La convocatoria har\u00e1 tambi\u00e9n de \u00abprevia\u00bb para elaborar un documento (traducido a las lenguas mapudungun, qom, quechua, aymara y guaran\u00ed) para el III Congreso de Mujeres de Abya Yala que en septiembre se har\u00e1 en Buenos Aires.<\/p>\n<p>De hecho, las mujeres abor\u00edgenes ejercen un papel determinante en la defensa y el rescate de tradiciones, algo clave en el contexto de aculturaci\u00f3n que trajeron las migraciones, ya que \u00abm\u00e1s del 50 % de los integrantes de las comunidades nacieron en Rosario y para muchos de sus j\u00f3venes, por ejemplo, resulta vergonzoso hablar su lengua o contar c\u00f3mo se vive en su casa\u00bb, recuerda Chumpitaz.<\/p>\n<p>Ruperta P\u00e9rez, otra referente qom, tiene \u00abmucha expectativa\u00bb de que \u00aben este encuentro de la pluriculturalidad se pueda compartir sabidur\u00eda y festejo entre todos los hermanos de distintas etnias\u00bb. Los rosarinos a secas, los que no integran una minor\u00eda \u00e9tnica, ser\u00e1n igual de bienvenidos.<\/p>\n<h6>Fuente: La Capital Rosario<\/h6>\n","protected":false},"excerpt":{"rendered":"<p>A partir de hoy indagar\u00e1n sobre \u00abel buen vivir\u00bb y el domingo la ciudad ser\u00e1 sede de la primera reuni\u00f3n de mujeres ind\u00edgenas.<\/p>\n","protected":false},"author":2,"featured_media":52275,"comment_status":"closed","ping_status":"closed","sticky":false,"template":"","format":"standard","meta":{"footnotes":""},"categories":[47],"tags":[10],"class_list":["post-52274","post","type-post","status-publish","format-standard","has-post-thumbnail","hentry","category-fiestas","tag-santa-fe"],"_links":{"self":[{"href":"http:\/\/argentinamunicipal.com.ar\/argentina\/wp-json\/wp\/v2\/posts\/52274","targetHints":{"allow":["GET"]}}],"collection":[{"href":"http:\/\/argentinamunicipal.com.ar\/argentina\/wp-json\/wp\/v2\/posts"}],"about":[{"href":"http:\/\/argentinamunicipal.com.ar\/argentina\/wp-json\/wp\/v2\/types\/post"}],"author":[{"embeddable":true,"href":"http:\/\/argentinamunicipal.com.ar\/argentina\/wp-json\/wp\/v2\/users\/2"}],"replies":[{"embeddable":true,"href":"http:\/\/argentinamunicipal.com.ar\/argentina\/wp-json\/wp\/v2\/comments?post=52274"}],"version-history":[{"count":0,"href":"http:\/\/argentinamunicipal.com.ar\/argentina\/wp-json\/wp\/v2\/posts\/52274\/revisions"}],"wp:featuredmedia":[{"embeddable":true,"href":"http:\/\/argentinamunicipal.com.ar\/argentina\/wp-json\/wp\/v2\/media\/52275"}],"wp:attachment":[{"href":"http:\/\/argentinamunicipal.com.ar\/argentina\/wp-json\/wp\/v2\/media?parent=52274"}],"wp:term":[{"taxonomy":"category","embeddable":true,"href":"http:\/\/argentinamunicipal.com.ar\/argentina\/wp-json\/wp\/v2\/categories?post=52274"},{"taxonomy":"post_tag","embeddable":true,"href":"http:\/\/argentinamunicipal.com.ar\/argentina\/wp-json\/wp\/v2\/tags?post=52274"}],"curies":[{"name":"wp","href":"https:\/\/api.w.org\/{rel}","templated":true}]}}