{"id":52290,"date":"2016-08-17T06:56:00","date_gmt":"2016-08-17T09:56:00","guid":{"rendered":"http:\/\/argentinamunicipal.com.ar\/argentina\/?p=52290"},"modified":"2016-08-17T06:56:00","modified_gmt":"2016-08-17T09:56:00","slug":"peor-cambio-gobierno-reprimio-una-protesta-jubilados-puente-pueyrredon","status":"publish","type":"post","link":"http:\/\/argentinamunicipal.com.ar\/argentina\/peor-cambio-gobierno-reprimio-una-protesta-jubilados-puente-pueyrredon\/","title":{"rendered":"El peor cambio: El Gobierno reprimi\u00f3 una protesta de jubilados en el Puente Pueyrred\u00f3n"},"content":{"rendered":"<p>Efectivos de la Polic\u00eda Federal y la Prefectura reprimieron hoy a una multitud de jubilados que marcharon sobre Puente Pueyrred\u00f3n, en Avellaneda, en reclamo de un incremento en los haberes mayor al 14,6 dispuesto por el presidente Mauricio Macri.<\/p>\n<p>La protesta hab\u00eda sido convocada por el Movimiento Independiente de Jubilados y Desocupados (MIJD), la organizaci\u00f3n fundada por Ra\u00fal Castells, y los piqueteros de la Corriente Clasista y Combativa (CCC), para reclamar un aumento de emergencia para los jubilados.<\/p>\n<p>Efectivos de la Polic\u00eda Federal y la Prefectura reprimieron hoy a una multitud de jubilados que marcharon sobre Puente Pueyrred\u00f3n, en Avellaneda, en reclamo de un incremento en los haberes mayor al 14,6 dispuesto por el presidente Mauricio Macri.<\/p>\n<p>Agentes de estas fuerzas de seguridad reprimieron hoy a una multitud de jubilados que llevaban a cabo una protesta sobre Puente Pueyrred\u00f3n, que une la Ciudad de Buenos Aires con Avellaneda, en reclamo de un aumento de emergencia para el haber m\u00ednimo, luego de que se anunciara\u00a0el incremento del 14,16%\u00a0para septiembre, lo que consagra una ca\u00edda de 10 puntos en el poder de compra de la clase pasiva.<\/p>\n<p>La protesta hab\u00eda sido convocada por el\u00a0Movimiento Independiente de Jubilados y Desocupados (MIJD),\u00a0la organizaci\u00f3n fundada por\u00a0Ra\u00fal Castells, y los piqueteros de la\u00a0Corriente Clasista y Combativa (CCC),\u00a0para reclamar un aumento de emergencia para los jubilados, que recibir\u00e1n un aumento del 32% en todo el 2016.<\/p>\n<p>El pol\u00e9mico desenlace sucedi\u00f3 minutos despu\u00e9s del mediod\u00eda de hoy, luego de que los referentes de las agrupaciones decidieran liberar uno de los carriles cortados durante la manifestaci\u00f3n. All\u00ed, la Polic\u00eda comenz\u00f3 tirarles a los jubilados agua te\u00f1ida de azul desde un carro hidrante y a reprimirlos con escudos los escudos.<\/p>\n<p>Si bien no hubo heridos graves, s\u00ed muchos fueron golpeados. Al respecto, Mariano S\u00e1nchez, del Movimiento Independiente de Jubilados dijo que \u00abno hac\u00eda falta llegar a esta represi\u00f3n\u00bb. \u00abSi bien es necesario un salario m\u00ednimo de 12 mil pesos para no estar en la pobreza, el aumento de septiembre tendr\u00eda que ser como m\u00ednimo del 30 por ciento. Verg\u00fcenza para la mayor\u00eda de los Jubilados y Pensionados que rondan en la m\u00ednima\u00bb, sentenci\u00f3 el dirigente.<\/p>\n<h6>Fuente: InfoCielo<\/h6>\n","protected":false},"excerpt":{"rendered":"<p>Efectivos de la Polic\u00eda Federal y la Prefectura reprimieron hoy a una multitud de jubilados que marcharon sobre Puente Pueyrred\u00f3n, en Avellaneda, en reclamo de un incremento en los haberes mayor al 14,6 dispuesto por el presidente Mauricio Macri.<\/p>\n","protected":false},"author":2,"featured_media":52291,"comment_status":"closed","ping_status":"closed","sticky":false,"template":"","format":"standard","meta":{"footnotes":""},"categories":[8],"tags":[21],"class_list":["post-52290","post","type-post","status-publish","format-standard","has-post-thumbnail","hentry","category-informe-nacional","tag-argentina"],"_links":{"self":[{"href":"http:\/\/argentinamunicipal.com.ar\/argentina\/wp-json\/wp\/v2\/posts\/52290","targetHints":{"allow":["GET"]}}],"collection":[{"href":"http:\/\/argentinamunicipal.com.ar\/argentina\/wp-json\/wp\/v2\/posts"}],"about":[{"href":"http:\/\/argentinamunicipal.com.ar\/argentina\/wp-json\/wp\/v2\/types\/post"}],"author":[{"embeddable":true,"href":"http:\/\/argentinamunicipal.com.ar\/argentina\/wp-json\/wp\/v2\/users\/2"}],"replies":[{"embeddable":true,"href":"http:\/\/argentinamunicipal.com.ar\/argentina\/wp-json\/wp\/v2\/comments?post=52290"}],"version-history":[{"count":0,"href":"http:\/\/argentinamunicipal.com.ar\/argentina\/wp-json\/wp\/v2\/posts\/52290\/revisions"}],"wp:featuredmedia":[{"embeddable":true,"href":"http:\/\/argentinamunicipal.com.ar\/argentina\/wp-json\/wp\/v2\/media\/52291"}],"wp:attachment":[{"href":"http:\/\/argentinamunicipal.com.ar\/argentina\/wp-json\/wp\/v2\/media?parent=52290"}],"wp:term":[{"taxonomy":"category","embeddable":true,"href":"http:\/\/argentinamunicipal.com.ar\/argentina\/wp-json\/wp\/v2\/categories?post=52290"},{"taxonomy":"post_tag","embeddable":true,"href":"http:\/\/argentinamunicipal.com.ar\/argentina\/wp-json\/wp\/v2\/tags?post=52290"}],"curies":[{"name":"wp","href":"https:\/\/api.w.org\/{rel}","templated":true}]}}