{"id":52293,"date":"2016-08-17T06:59:48","date_gmt":"2016-08-17T09:59:48","guid":{"rendered":"http:\/\/argentinamunicipal.com.ar\/argentina\/?p=52293"},"modified":"2016-08-17T06:59:48","modified_gmt":"2016-08-17T09:59:48","slug":"zarate-celebro-1-ano-del-hospital-municipal-rene-favaloro","status":"publish","type":"post","link":"http:\/\/argentinamunicipal.com.ar\/argentina\/zarate-celebro-1-ano-del-hospital-municipal-rene-favaloro\/","title":{"rendered":"Z\u00e1rate celebr\u00f3 el 1\u00b0 a\u00f1o del Hospital Municipal \u00abRen\u00e9 Favaloro\u00bb"},"content":{"rendered":"<p>La Municipalidad de esa localidad conmemor\u00f3 el primer aniversario del\u00a0Hospital Intermedio Municipal Dr. Ren\u00e9 Favaloro con diferentes actividades para toda la familia.<\/p>\n<p>El Intendente de Z\u00e1rate,\u00a0Osvaldo C\u00e1ffaro, estuvo presente en los festejos del primer aniversario del nosocomio \u00abRen\u00e9 Favaloro\u00bb y en ese marco expres\u00f3: \u00abLa construcci\u00f3n del Hospital fue una gran decisi\u00f3n y tambi\u00e9n un esfuerzo de toda la comunidad\u00bb.<\/p>\n<p>\u00abHoy estamos brindando un servicio de atenci\u00f3n en salud de excelencia, que es lo m\u00e1s importante: garantizar el derecho de acceso a la salud\u00bb, enfatiz\u00f3 el Jefe Comunal y adelant\u00f3 que\u00a0el Municipio ya trabaja en el proyecto de ampliaci\u00f3n del Hospital Intermedio para sumarle oftalmolog\u00eda, odontolog\u00eda y diagn\u00f3stico por im\u00e1genes<\/p>\n<h6>Fuente: La Noticia 1.com<\/h6>\n","protected":false},"excerpt":{"rendered":"<p>La Municipalidad de esa localidad conmemor\u00f3 el primer aniversario del Hospital Intermedio Municipal Dr. Ren\u00e9 Favaloro con diferentes actividades para toda la familia.<\/p>\n","protected":false},"author":2,"featured_media":52294,"comment_status":"closed","ping_status":"closed","sticky":false,"template":"","format":"standard","meta":{"footnotes":""},"categories":[2],"tags":[12],"class_list":["post-52293","post","type-post","status-publish","format-standard","has-post-thumbnail","hentry","category-informe-municipal","tag-buenos-aires"],"_links":{"self":[{"href":"http:\/\/argentinamunicipal.com.ar\/argentina\/wp-json\/wp\/v2\/posts\/52293","targetHints":{"allow":["GET"]}}],"collection":[{"href":"http:\/\/argentinamunicipal.com.ar\/argentina\/wp-json\/wp\/v2\/posts"}],"about":[{"href":"http:\/\/argentinamunicipal.com.ar\/argentina\/wp-json\/wp\/v2\/types\/post"}],"author":[{"embeddable":true,"href":"http:\/\/argentinamunicipal.com.ar\/argentina\/wp-json\/wp\/v2\/users\/2"}],"replies":[{"embeddable":true,"href":"http:\/\/argentinamunicipal.com.ar\/argentina\/wp-json\/wp\/v2\/comments?post=52293"}],"version-history":[{"count":0,"href":"http:\/\/argentinamunicipal.com.ar\/argentina\/wp-json\/wp\/v2\/posts\/52293\/revisions"}],"wp:featuredmedia":[{"embeddable":true,"href":"http:\/\/argentinamunicipal.com.ar\/argentina\/wp-json\/wp\/v2\/media\/52294"}],"wp:attachment":[{"href":"http:\/\/argentinamunicipal.com.ar\/argentina\/wp-json\/wp\/v2\/media?parent=52293"}],"wp:term":[{"taxonomy":"category","embeddable":true,"href":"http:\/\/argentinamunicipal.com.ar\/argentina\/wp-json\/wp\/v2\/categories?post=52293"},{"taxonomy":"post_tag","embeddable":true,"href":"http:\/\/argentinamunicipal.com.ar\/argentina\/wp-json\/wp\/v2\/tags?post=52293"}],"curies":[{"name":"wp","href":"https:\/\/api.w.org\/{rel}","templated":true}]}}