{"id":52299,"date":"2016-08-17T07:09:03","date_gmt":"2016-08-17T10:09:03","guid":{"rendered":"http:\/\/argentinamunicipal.com.ar\/argentina\/?p=52299"},"modified":"2016-08-17T07:09:03","modified_gmt":"2016-08-17T10:09:03","slug":"imprescindible-pelear-los-fondos-corresponden-los-rosarinos","status":"publish","type":"post","link":"http:\/\/argentinamunicipal.com.ar\/argentina\/imprescindible-pelear-los-fondos-corresponden-los-rosarinos\/","title":{"rendered":"\u00abEs imprescindible pelear por los fondos que corresponden a los rosarinos\u00bb"},"content":{"rendered":"<p>El edil Sebasti\u00e1n Chale se refiri\u00f3 al pol\u00e9mico proyecto de ley para beneficiar con fondos a la provincia de Buenos Aires. En caso de avanzar la iniciativa, Rosario ser\u00eda perjudicada. Sin embargo, si se aplicara el mismo argumento para la ciudad, podr\u00eda ser resarcida en 246 millones de pesos s\u00f3lo para 2016.<\/p>\n<p>El concejal radical de Rosario Sebasti\u00e1n Chale se refiri\u00f3 al proyecto que ingres\u00f3 en el Senado Nacional para ampliar el Fondo del Conurbano Bonaerense, eliminando el tope de $650 millones y permitiendo que la provincia de Buenos Aires reciba el 10% de lo recaudado a nivel nacional por el Impuesto a las Ganancias: \u00absi avanza el planteo de liberar el tope del fondo del conurbano en virtud de reparar a la provincia de Buenos Aires, la ciudad de Rosario &#8211; y tambi\u00e9n la ciudad de Santa Fe- est\u00e1 en condiciones de reclamar lo mismo bajo argumentos id\u00e9nticos. Por eso, debemos entender que este debate es fundamental para Rosario y que no puede tomarse s\u00f3lo desde la \u00f3ptica bonaerense\u00bb.<\/p>\n<p>La iniciativa del legislador Federico Pinedo &#8211; que es acompa\u00f1ada por la mayor\u00eda de los bloques pol\u00edticos y dirigentes bonaerenses de diferentes partidos y que ser\u00e1 llevada a la Corte por la gobernadora Mar\u00eda Eugenia Vidal &#8211; busca reformular el Fondo de Reparaci\u00f3n Hist\u00f3rica del Conurbano Bonaerense y la distribuci\u00f3n a provincias seg\u00fan Necesidades B\u00e1sicas Insatisfechas, procurando que la provincia de Buenos Aires recupere la totalidad del Fondo del Conurbano y tambi\u00e9n que comparta junto al resto de las jurisdicciones lo que se distribuye de acuerdo a las Necesidades B\u00e1sicas Insatisfechas. \u00abRechazamos ese intento si s\u00f3lo se considera en la relaci\u00f3n Naci\u00f3n &#8211; Provincia de Buenos Aires y advertimos la gravedad si se consuma. El futuro de Rosario se juega en estos debates. La reparaci\u00f3n hacia la provincia de Buenos Aires no puede ni debe pagarla el resto de los argentinos. Es momento de que los legisladores nacionales de nuestra provincia defiendan los intereses de la ciudad y se pongan al frente de la lucha\u00bb, enfatiz\u00f3 Chale, quien present\u00f3 en el Concejo un proyecto de declaraci\u00f3n exhortando a los legisladores nacionales de la provincia a objetar la propuesta ingresada en el Senado y defender los intereses de los rosarinos.<\/p>\n<p><strong>El caso de Rosario<\/strong><\/p>\n<p>\u00abSi bien la extensi\u00f3n del llamado Fondo del Conurbano a Rosario y Santa Fe se hizo mediante la ley de Fondo de Emergencia Social 24443, que gira a Rosario un monto fijo de 20.5 millones, \u00e9sta va en directa relaci\u00f3n con la Ley de Combustibles 23966 que creci\u00f3 m\u00e1s de 10 veces desde 1997\u00bb, detall\u00f3 Chale y agreg\u00f3: \u00abel congelamiento del fondo de emergencia social en relaci\u00f3n con el crecimiento de la recaudaci\u00f3n a partir de la ley de combustibles -3800 millones en 1997, 34.479 millones en 2015 y 23.486 millones en lo que va de 2016 &#8211; consolid\u00f3 una situaci\u00f3n dram\u00e1ticamente injusta y centralista. As\u00ed, Rosario deber\u00eda ser resarcida en 246 millones de pesos s\u00f3lo tomando en cuenta 2016, en lugar de los 20,5 millones que la Naci\u00f3n viene girando desde 1994. Por eso es imprescindible pelear por los fondos que corresponden a los rosarinos\u00bb.<\/p>\n<p>Para finalizar, el concejal ilustr\u00f3: \u00abesta cifra servir\u00eda, por ejemplo, para ejecutar un plan propio de vivienda sin depender de las condiciones o del humor del gobierno nacional de turno. Esto sin mencionar el menor costo y la mayor transparencia de los planes de inversi\u00f3n p\u00fablica ejecutados desde el nivel local\u00bb.<\/p>\n<h6>Fuente: Sin Mordaza<\/h6>\n","protected":false},"excerpt":{"rendered":"<p>El edil Sebasti\u00e1n Chale se refiri\u00f3 al pol\u00e9mico proyecto de ley para beneficiar con fondos a la provincia de Buenos Aires.<\/p>\n","protected":false},"author":2,"featured_media":52300,"comment_status":"closed","ping_status":"closed","sticky":false,"template":"","format":"standard","meta":{"footnotes":""},"categories":[4],"tags":[10],"class_list":["post-52299","post","type-post","status-publish","format-standard","has-post-thumbnail","hentry","category-informe-politico","tag-santa-fe"],"_links":{"self":[{"href":"http:\/\/argentinamunicipal.com.ar\/argentina\/wp-json\/wp\/v2\/posts\/52299","targetHints":{"allow":["GET"]}}],"collection":[{"href":"http:\/\/argentinamunicipal.com.ar\/argentina\/wp-json\/wp\/v2\/posts"}],"about":[{"href":"http:\/\/argentinamunicipal.com.ar\/argentina\/wp-json\/wp\/v2\/types\/post"}],"author":[{"embeddable":true,"href":"http:\/\/argentinamunicipal.com.ar\/argentina\/wp-json\/wp\/v2\/users\/2"}],"replies":[{"embeddable":true,"href":"http:\/\/argentinamunicipal.com.ar\/argentina\/wp-json\/wp\/v2\/comments?post=52299"}],"version-history":[{"count":0,"href":"http:\/\/argentinamunicipal.com.ar\/argentina\/wp-json\/wp\/v2\/posts\/52299\/revisions"}],"wp:featuredmedia":[{"embeddable":true,"href":"http:\/\/argentinamunicipal.com.ar\/argentina\/wp-json\/wp\/v2\/media\/52300"}],"wp:attachment":[{"href":"http:\/\/argentinamunicipal.com.ar\/argentina\/wp-json\/wp\/v2\/media?parent=52299"}],"wp:term":[{"taxonomy":"category","embeddable":true,"href":"http:\/\/argentinamunicipal.com.ar\/argentina\/wp-json\/wp\/v2\/categories?post=52299"},{"taxonomy":"post_tag","embeddable":true,"href":"http:\/\/argentinamunicipal.com.ar\/argentina\/wp-json\/wp\/v2\/tags?post=52299"}],"curies":[{"name":"wp","href":"https:\/\/api.w.org\/{rel}","templated":true}]}}