{"id":52314,"date":"2016-08-17T05:42:42","date_gmt":"2016-08-17T08:42:42","guid":{"rendered":"http:\/\/argentinamunicipal.com.ar\/argentina\/?p=52314"},"modified":"2016-08-17T07:45:10","modified_gmt":"2016-08-17T10:45:10","slug":"habra-plan-construir-veredas-baratas-barrios-neuquinos","status":"publish","type":"post","link":"http:\/\/argentinamunicipal.com.ar\/argentina\/habra-plan-construir-veredas-baratas-barrios-neuquinos\/","title":{"rendered":"Habr\u00e1 un plan para construir veredas baratas en barrios neuquinos"},"content":{"rendered":"<p>La idea es hacerlas de hormig\u00f3n para facilitar la movilidad de los peatones.<\/p>\n<p>Luego de los cuestionamientos de la concejal del MPN, Mar\u00eda Eugenia Ferrareso, sobre el estado de las veredas de la ciudad, el subsecretario de Obras Particulares, Luis L\u00f3pez de Murillas, inform\u00f3 que el Municipio construy\u00f3 m\u00e1s de 30 mil metros lineales de veredas en los \u00faltimos cuatro a\u00f1os.<\/p>\n<p>7000 metros lineales de veredas es lo que se tiene planeado construir este a\u00f1o.<\/p>\n<p>Adem\u00e1s, aclar\u00f3 que el trabajo de la comuna es sobre los espacios p\u00fablicos, pero record\u00f3 que son los vecinos los responsables de la construcci\u00f3n de la acera en los frentes de sus viviendas. Como implica un costo alto para vecino, el funcionario anunci\u00f3 que se est\u00e1 trabajando en un proyecto de ordenanza para que su ejecuci\u00f3n sea m\u00e1s accesible y sencilla.<\/p>\n<p>La propuesta, que est\u00e1 en an\u00e1lisis, plantea diferenciar las zonas y permitir para los barrios con menos densidad de uso de una vereda la construcci\u00f3n de las mismas con hormig\u00f3n peinado. Esto porque los valores son menores que la construcci\u00f3n de una vereda con las baldosas reglamentarias. Explic\u00f3 que para zonas con m\u00e1s poblaci\u00f3n, como el centro, se exigir\u00e1n las veredas con dispositivos para disminuidos visuales.<\/p>\n<p>Respecto de las zonas donde los desniveles hacen la circulaci\u00f3n de los peatones casi imposible, el funcionario cont\u00f3 que cuando hay una reconversi\u00f3n arquitect\u00f3nica se le exige al constructor nivelar la vereda y hacerla accesible.<\/p>\n<p>En ese sentido, aclar\u00f3 que igualmente en el Municipio se est\u00e1 trabajando en una propuesta para terminar con estos problemas que tienen muchas veredas de la ciudad. En relaci\u00f3n con la denuncia de la edil del MPN sobre la falta de rampas, Murillas dijo que la comuna hizo un trabajo de campo en el microcentro para dar cumplimiento a la ordenanza y de garantizar la accesibilidad a los peatones con movilidad reducida.<\/p>\n<h6>Fuente: La Ma\u00f1ana Neuqu\u00e9n<\/h6>\n","protected":false},"excerpt":{"rendered":"<p>La idea es hacerlas de hormig\u00f3n para facilitar la movilidad de los peatones.<\/p>\n","protected":false},"author":2,"featured_media":52315,"comment_status":"closed","ping_status":"closed","sticky":false,"template":"","format":"standard","meta":{"footnotes":""},"categories":[2],"tags":[23],"class_list":["post-52314","post","type-post","status-publish","format-standard","has-post-thumbnail","hentry","category-informe-municipal","tag-neuquen"],"_links":{"self":[{"href":"http:\/\/argentinamunicipal.com.ar\/argentina\/wp-json\/wp\/v2\/posts\/52314","targetHints":{"allow":["GET"]}}],"collection":[{"href":"http:\/\/argentinamunicipal.com.ar\/argentina\/wp-json\/wp\/v2\/posts"}],"about":[{"href":"http:\/\/argentinamunicipal.com.ar\/argentina\/wp-json\/wp\/v2\/types\/post"}],"author":[{"embeddable":true,"href":"http:\/\/argentinamunicipal.com.ar\/argentina\/wp-json\/wp\/v2\/users\/2"}],"replies":[{"embeddable":true,"href":"http:\/\/argentinamunicipal.com.ar\/argentina\/wp-json\/wp\/v2\/comments?post=52314"}],"version-history":[{"count":0,"href":"http:\/\/argentinamunicipal.com.ar\/argentina\/wp-json\/wp\/v2\/posts\/52314\/revisions"}],"wp:featuredmedia":[{"embeddable":true,"href":"http:\/\/argentinamunicipal.com.ar\/argentina\/wp-json\/wp\/v2\/media\/52315"}],"wp:attachment":[{"href":"http:\/\/argentinamunicipal.com.ar\/argentina\/wp-json\/wp\/v2\/media?parent=52314"}],"wp:term":[{"taxonomy":"category","embeddable":true,"href":"http:\/\/argentinamunicipal.com.ar\/argentina\/wp-json\/wp\/v2\/categories?post=52314"},{"taxonomy":"post_tag","embeddable":true,"href":"http:\/\/argentinamunicipal.com.ar\/argentina\/wp-json\/wp\/v2\/tags?post=52314"}],"curies":[{"name":"wp","href":"https:\/\/api.w.org\/{rel}","templated":true}]}}