{"id":52317,"date":"2016-08-17T05:47:07","date_gmt":"2016-08-17T08:47:07","guid":{"rendered":"http:\/\/argentinamunicipal.com.ar\/argentina\/?p=52317"},"modified":"2016-08-17T07:51:42","modified_gmt":"2016-08-17T10:51:42","slug":"segun-una-encuesta-la-herencia-va-perdiendo-eficacia-avanza-la-idea-ajuste-la-sociedad","status":"publish","type":"post","link":"http:\/\/argentinamunicipal.com.ar\/argentina\/segun-una-encuesta-la-herencia-va-perdiendo-eficacia-avanza-la-idea-ajuste-la-sociedad\/","title":{"rendered":"Seg\u00fan una encuesta, la \u201cherencia\u201d va perdiendo eficacia y avanza la idea de \u201cajuste\u201d en la sociedad"},"content":{"rendered":"<p>La consultora Ibar\u00f3metro realiz\u00f3 un nuevo estudio sobre el clima pol\u00edtico en Argentina, y el balance que la sociedad hace del Gobierno Nacional. Un dato llamativo es que la \u201cherencia\u201d va perdiendo cr\u00e9dito como argumento y se impone el \u201cajuste\u201d. La percepci\u00f3n econ\u00f3mica es negativa, pero se ve una leve mejora hacia futuro. El PRO y el Kirchnerismo siguen siendo las identidades pol\u00edticas m\u00e1s convocantes.<\/p>\n<p>Algunos temas de la encuesta:<\/p>\n<p>-\u00bfHerencia o ajuste?<br \/>\nLa estrategia discursiva del oficialismo sufre una p\u00e9rdida de eficacia: la adhesi\u00f3n a la conceptualizaci\u00f3n en clave de \u201cherencia\u201d (responsabilidad del Gobierno anterior) retrocede 8 puntos; mientras que la percepci\u00f3n en t\u00e9rminos de \u201cajuste\u201d (responsabilidad del Gobierno actual) crece 4 puntos.<\/p>\n<p>-Percepciones econ\u00f3micas sobre el pa\u00eds<\/p>\n<p>-Macrismo y kirchnerismo<\/p>\n<p>Ambos espacios surgen como las dos identidades pol\u00edticas m\u00e1s convocantes; entre los dos se reparten algo m\u00e1s del 55% de las simpat\u00edas pol\u00edticas de los argentinos. Por el momento, \u201cCambiemos\u201d no se cristaliza como una marca pol\u00edtica, y sus adhesiones quedan hegemonizadas por el PRO. Las dos identidades pol\u00edticas tradicionales (radicalismo y peronismo) aparecen relegadas frente a la preeminencia de estas dos nuevas pertenencias pol\u00edticas lideradas por Mauricio Macri y Cristina Fern\u00e1ndez de Kirchner. Como concepto pol\u00edtico, el Frente Renovador se mantiene en un tercer lugar, con una penetraci\u00f3n sustancialmente m\u00e1s reducida que la del PRO y el FpV.<\/p>\n<p>-Imagen del Gobierno Nacional<\/p>\n<p>La evaluaci\u00f3n del Gobierno Nacional contin\u00faa transitando una pendiente descendente: la imagen positiva del Gobierno Nacional disminuye m\u00e1s de tres puntos en relaci\u00f3n a la medici\u00f3n anterior de junio. Hoy, la aprobaci\u00f3n de la performance del Gobierno se divide en partes equivalentes. Los m\u00e1s cr\u00edticos son los j\u00f3venes y los residentes del \u00c1rea Metropolitana de Buenos Aires, mientras que en el interior del pa\u00eds y entre los mayores de 50 a\u00f1os crece el nivel de aprobaci\u00f3n.<\/p>\n<p>-Motivos de aprobaci\u00f3n<\/p>\n<p>Entre los oficialistas, el principal motivo de aprobaci\u00f3n de la gesti\u00f3n del Gobierno contin\u00faa siendo la diferenciaci\u00f3n con el kirchnerismo. La gesti\u00f3n propiamente dicha a\u00fan no consigue consolidarse como un atributo de peso en la evaluaci\u00f3n global del Gobierno. Por su parte, el estilo de gobierno y la comunicaci\u00f3n viene perdiendo terreno como argumento invocado para respaldar la presidencia de Mauricio Macri.<\/p>\n<p>-Rol de la oposici\u00f3n<\/p>\n<p>En el universo opositor no se observa un consenso en relaci\u00f3n al estilo de oposici\u00f3n que se desea. Si m\u00e1s de la mitad (52%) se inclina por una \u201coposici\u00f3n que ponga l\u00edmites\u201d, el 36% del mercado opositor prefiere \u201cuna oposici\u00f3n que acompa\u00f1e y dialogue\u201d. Estas diferencias est\u00e1n asociadas con las inclinaciones pol\u00edtico-<br \/>\nelectorales: casi el 70% de los votantes de Scioli prefieren un polo opositor m\u00e1s duro, mientras que el 50% de los votantes de Massa se muestran m\u00e1s abiertos al di\u00e1logo.<\/p>\n<p>-Clima an\u00edmico<\/p>\n<p>Los sentimientos negativos, especialmente el temor y la incertidumbre, siguen dominando el clima an\u00edmico de los argentinos. El optimismo, por su parte, se mantiene estable en torno al 40%. Los mayores de 50 a\u00f1os y los aprobadores del Gobierno Nacional son los \u00fanicos segmentos en los que predomina una mirada optimista del futuro.<\/p>\n<h6>Fuente: ADN<\/h6>\n","protected":false},"excerpt":{"rendered":"<p>La consultora Ibar\u00f3metro realiz\u00f3 un nuevo estudio sobre el clima pol\u00edtico en Argentina, y el balance que la sociedad hace del Gobierno Nacional.<\/p>\n","protected":false},"author":2,"featured_media":52318,"comment_status":"closed","ping_status":"closed","sticky":false,"template":"","format":"standard","meta":{"footnotes":""},"categories":[8],"tags":[21],"class_list":["post-52317","post","type-post","status-publish","format-standard","has-post-thumbnail","hentry","category-informe-nacional","tag-argentina"],"_links":{"self":[{"href":"http:\/\/argentinamunicipal.com.ar\/argentina\/wp-json\/wp\/v2\/posts\/52317","targetHints":{"allow":["GET"]}}],"collection":[{"href":"http:\/\/argentinamunicipal.com.ar\/argentina\/wp-json\/wp\/v2\/posts"}],"about":[{"href":"http:\/\/argentinamunicipal.com.ar\/argentina\/wp-json\/wp\/v2\/types\/post"}],"author":[{"embeddable":true,"href":"http:\/\/argentinamunicipal.com.ar\/argentina\/wp-json\/wp\/v2\/users\/2"}],"replies":[{"embeddable":true,"href":"http:\/\/argentinamunicipal.com.ar\/argentina\/wp-json\/wp\/v2\/comments?post=52317"}],"version-history":[{"count":0,"href":"http:\/\/argentinamunicipal.com.ar\/argentina\/wp-json\/wp\/v2\/posts\/52317\/revisions"}],"wp:featuredmedia":[{"embeddable":true,"href":"http:\/\/argentinamunicipal.com.ar\/argentina\/wp-json\/wp\/v2\/media\/52318"}],"wp:attachment":[{"href":"http:\/\/argentinamunicipal.com.ar\/argentina\/wp-json\/wp\/v2\/media?parent=52317"}],"wp:term":[{"taxonomy":"category","embeddable":true,"href":"http:\/\/argentinamunicipal.com.ar\/argentina\/wp-json\/wp\/v2\/categories?post=52317"},{"taxonomy":"post_tag","embeddable":true,"href":"http:\/\/argentinamunicipal.com.ar\/argentina\/wp-json\/wp\/v2\/tags?post=52317"}],"curies":[{"name":"wp","href":"https:\/\/api.w.org\/{rel}","templated":true}]}}