{"id":52335,"date":"2016-08-17T08:17:08","date_gmt":"2016-08-17T11:17:08","guid":{"rendered":"http:\/\/argentinamunicipal.com.ar\/argentina\/?p=52335"},"modified":"2016-08-17T08:17:08","modified_gmt":"2016-08-17T11:17:08","slug":"parana-firmo-convenio-produccion-los-municipios-federal-ramirez","status":"publish","type":"post","link":"http:\/\/argentinamunicipal.com.ar\/argentina\/parana-firmo-convenio-produccion-los-municipios-federal-ramirez\/","title":{"rendered":"Paran\u00e1 firm\u00f3 un convenio de producci\u00f3n con los municipios de Federal y Ram\u00edrez"},"content":{"rendered":"<p>Producci\u00f3n primaria, intercambio de tecnolog\u00eda e innovaci\u00f3n tecnol\u00f3gica, valor agregado, seguridad alimentaria y comercializaci\u00f3n de productos son los alcances del convenio firmado entre los jefes comunales.<\/p>\n<p>Este martes en el Palacio Municipal de Paran\u00e1 se firm\u00f3 un convenio marco de colaboraci\u00f3n mutua entre las comunas de Paran\u00e1, Federal y General Ram\u00edrez para promover el desarrollo de la producci\u00f3n primaria, el intercambio de tecnolog\u00eda e innovaci\u00f3n tecnol\u00f3gica, valor agregado, seguridad alimentaria y comercializaci\u00f3n de productos, entre los aspectos iniciales de cooperaci\u00f3n.<\/p>\n<p>Acudieron al despacho del intendente Sergio Varisco, los jefes comunales de las otras localidades: Gerardo Chapino, de Federal y Gustavo Vergara de General Ram\u00edrez.<\/p>\n<p>\u00abEs un inicio de un gran plan diagramado desde la Secretar\u00eda de la Producci\u00f3n y que se ir\u00e1n sumando otros municipios. Esta vez lo hacemos con los amigos intendentes de Federal y General Ram\u00edrez que hacen el puntapi\u00e9 inicial. Estamos muy agradecidos por trabajar en conjunto en materia de producci\u00f3n, porque es importante hacer crecer las econom\u00edas de cada ciudad, que implicar\u00e1 trabajo genuino para todos. Esto es en favor de una mejora para todos y la gente espera eso de quienes estamos al frente de los municipios, que es el trabajo entre todos para el beneficio com\u00fan, de salir adelante en momentos dif\u00edciles\u00bb , dijo Sergio Varisco, intendente anfitri\u00f3n de la firma de este convenio de intercambio.<\/p>\n<p>A su vez Mario Gonz\u00e1lez, subsecretario de la Producci\u00f3n de la Municipalidad de Paran\u00e1 agreg\u00f3 que \u00abeste es un inicio de plan que se har\u00e1 con la mayor\u00eda de los municipios de la provincia. Para el 4 de septiembre con el lanzamiento de la Agencia para el Desarrollo y la Agricultura Familiar en el Vivero Municipal, estar\u00e1n invitados la mayor\u00eda de los intendentes que ya se han comprometido a sumarse. Hoy, en tiempo y en forma -como nos pidi\u00f3 el intendente Varisco- se est\u00e1 dando lanzamiento a esta iniciativa\u00bb.<\/p>\n<p>Gonz\u00e1lez dijo que el objetivo es \u00abde cooperaci\u00f3n entre lo que hacemos desde cada municipio, la idea es hacer un convenio entre ellos y se ver\u00e1 en el tiempo qu\u00e9 produce cada uno y el intercambio entre ellos\u00bb.<\/p>\n<p>Chapino: \u00abHacer lo que convenga para el pueblo\u00bb<\/p>\n<p>El intendente de Federal, Gerardo Chapino, dijo estar muy contento \u00abpor realizar este tipo de pol\u00edticas. Estamos hablando de pol\u00edticas sin banderas pol\u00edticas, de hacer lo que convenga para el pueblo. Estamos muy agradecidos al intendente Varisco y lo vemos muy positivo. Por ah\u00ed hay producciones que se expanden en una sola parte de una provincia y en otras no; hay cultivos que se dan m\u00e1s a menudo en una zona que en otras y esto habla del intercambio de materia prima y producci\u00f3n. En Federal por ah\u00ed se perdi\u00f3 lo que era la producci\u00f3n primaria y estamos trabajando con el ingeniero Schumacher que est\u00e1 a cargo del \u00e1rea de Producci\u00f3n y venimos tratando de reflotar lo valioso que tenemos en Federal que es la tierra y generar muchos productos. Es muy beneficioso tener esta posibilidad de intercambio de materia prima entre otros municipios, sabiendo que son productos frescos, org\u00e1nicos y los tenemos al alcance de nuestras manos\u00bb.<\/p>\n<p>Vergara: \u00abIntercambiar conocimiento y experiencia\u00bb<\/p>\n<p>Por su parte, Gustavo Vergara, al frente de los destinos de General Ram\u00edrez inform\u00f3 que en su ciudad \u00abestamos implementando un vivero municipal, con lo cual es de suma importancia intercambiar conocimiento y experiencia entre las diferentes comunas. En el aspecto productivo, conectar los conocimientos de manera horizontal entre los municipios viene bien y har\u00e1 fortalecer lo que pretendemos hacer en Ram\u00edrez que es un cord\u00f3n verde alrededor de la ciudad y en eso es valioso lo que ofrece Paran\u00e1, donde ya cuenta con una amplia experiencia\u00bb.<\/p>\n<p>La experiencia en Paran\u00e1<\/p>\n<p>A fin de mes comenzar\u00e1 la venta en forma directa en el parque hort\u00edcola del Vivero Municipal. Posibilitar\u00e1 que la gente de Paran\u00e1 pueda comprar una mercader\u00eda m\u00e1s econ\u00f3mica y fresca. Lo que consuma al mediod\u00eda fue cortado por el productor a las 6 de la ma\u00f1ana. Todo redunda en m\u00e1s calidad y mejor precio. La idea es que participen tambi\u00e9n las escuelas rurales con fiambres, quesos, dulce de leche y los apicultores para que ofrezcan su miel en forma directa y m\u00e1s econ\u00f3mica.<\/p>\n<p>Datos<\/p>\n<p>* La idea es que Paran\u00e1 pase de un 20 % de autoabastecimiento a un porcentaje m\u00e1s alto, es decir ampliar la superficie trabajada.<\/p>\n<p>* Comercializar con municipios cercanos lo que se produce de manera de hacer crecer a los productores que ya est\u00e1n e incorporar nuevos.<\/p>\n<p>* Se firma un convenio macro, para intercambiar experiencia, en una iniciativa que involucra a profesionales del \u00e1rea de la Producci\u00f3n de la Naci\u00f3n, la Provincia y los municipios.<\/p>\n<p>* El convenio busca incentivar el intercambio de conocimientos para el desarrollo de la producci\u00f3n hort\u00edcola, arb\u00f3rea y frut\u00edcola.<\/p>\n<p>* Otros aspectos son la actualizaci\u00f3n de conocimientos en innovaci\u00f3n tecnol\u00f3gica en materia de agricultura familiar como piscicultura, compostaje y apicultura.<\/p>\n<p>* Se trata de copiar los modelos de producci\u00f3n para instrumentarlo en cada zona y lograr as\u00ed un desarrollo de la agricultura familiar.<\/p>\n<h6>Fuente: El Once<\/h6>\n","protected":false},"excerpt":{"rendered":"<p>Producci\u00f3n primaria, intercambio de tecnolog\u00eda e innovaci\u00f3n tecnol\u00f3gica, valor agregado, seguridad alimentaria y comercializaci\u00f3n de productos son los alcances del convenio firmado entre los jefes comunales.<\/p>\n","protected":false},"author":2,"featured_media":52336,"comment_status":"closed","ping_status":"closed","sticky":false,"template":"","format":"standard","meta":{"footnotes":""},"categories":[2],"tags":[17],"class_list":["post-52335","post","type-post","status-publish","format-standard","has-post-thumbnail","hentry","category-informe-municipal","tag-entre-rios"],"_links":{"self":[{"href":"http:\/\/argentinamunicipal.com.ar\/argentina\/wp-json\/wp\/v2\/posts\/52335","targetHints":{"allow":["GET"]}}],"collection":[{"href":"http:\/\/argentinamunicipal.com.ar\/argentina\/wp-json\/wp\/v2\/posts"}],"about":[{"href":"http:\/\/argentinamunicipal.com.ar\/argentina\/wp-json\/wp\/v2\/types\/post"}],"author":[{"embeddable":true,"href":"http:\/\/argentinamunicipal.com.ar\/argentina\/wp-json\/wp\/v2\/users\/2"}],"replies":[{"embeddable":true,"href":"http:\/\/argentinamunicipal.com.ar\/argentina\/wp-json\/wp\/v2\/comments?post=52335"}],"version-history":[{"count":0,"href":"http:\/\/argentinamunicipal.com.ar\/argentina\/wp-json\/wp\/v2\/posts\/52335\/revisions"}],"wp:featuredmedia":[{"embeddable":true,"href":"http:\/\/argentinamunicipal.com.ar\/argentina\/wp-json\/wp\/v2\/media\/52336"}],"wp:attachment":[{"href":"http:\/\/argentinamunicipal.com.ar\/argentina\/wp-json\/wp\/v2\/media?parent=52335"}],"wp:term":[{"taxonomy":"category","embeddable":true,"href":"http:\/\/argentinamunicipal.com.ar\/argentina\/wp-json\/wp\/v2\/categories?post=52335"},{"taxonomy":"post_tag","embeddable":true,"href":"http:\/\/argentinamunicipal.com.ar\/argentina\/wp-json\/wp\/v2\/tags?post=52335"}],"curies":[{"name":"wp","href":"https:\/\/api.w.org\/{rel}","templated":true}]}}