{"id":52365,"date":"2016-08-18T06:34:37","date_gmt":"2016-08-18T09:34:37","guid":{"rendered":"http:\/\/argentinamunicipal.com.ar\/argentina\/?p=52365"},"modified":"2016-08-18T06:34:37","modified_gmt":"2016-08-18T09:34:37","slug":"senado-bonaerense-le-puso-fin-las-reelecciones-indefinidas-intendentes-legisladores","status":"publish","type":"post","link":"http:\/\/argentinamunicipal.com.ar\/argentina\/senado-bonaerense-le-puso-fin-las-reelecciones-indefinidas-intendentes-legisladores\/","title":{"rendered":"El Senado bonaerense le puso fin a las reelecciones indefinidas de intendentes y legisladores"},"content":{"rendered":"<p>El Senado sancion\u00f3 hoy la ley que pone fin a las reelecciones indefinidas, y que fuera presentado como el primer paso de la reforma pol\u00edtica. La iniciativa, presentada por el Frente Renovador en 2013, tuvo fuerte impulso desde la llegada al poder de Mar\u00eda Eugenia Vidal<\/p>\n<p>La Ley limita a una \u00fanica vez la reelecci\u00f3n de intendentes, concejales, legisladores y consejeros escolares y, al mismo tiempo, determina, con \u201cexcepciones\u201d, la incompatibilidad de cargos entre el Estado bonaerense, el nacional y los municipios.<\/p>\n<p>La iniciativa, que fue aprobada por la C\u00e1mara de Diputados el 16 de junio pasado, limita a una \u00fanica vez la reelecci\u00f3n de intendentes, concejales, legisladores y consejeros escolares y, al mismo tiempo, determina, con \u201cexcepciones\u201d, la incompatibilidad de cargos entre el Estado bonaerense, el nacional y los municipios.<\/p>\n<p>En tanto, el proyecto aclara que el actual mandato de los funcionarios alcanzados ser\u00e1 contabilizado como el primero, por lo que de aprobarse la ley solo podr\u00e1n aspirar a una reelecci\u00f3n en 2019, en el caso de los ejecutivos, mientras que en el caso de los legislativos en 2017 o 2019, seg\u00fan corresponda.<\/p>\n<p>Por otra parte, el proyecto determina la incompatibilidad de cargos, al prohibir a intendentes y concejales ostentar cargos \u201cde funcionario o empleado a sueldo del Poder Ejecutivo nacional o provincial, sea en la Administraci\u00f3n central, organismos descentralizados o entes aut\u00e1rquicos, a excepci\u00f3n del ejercicio de la docencia\u201d.<\/p>\n<p>No obstante, Cambiemos y el FR acordaron, y que fue acompa\u00f1ada por el resto de las bancas, con la sola excepci\u00f3n de la del FpV, incluir una cl\u00e1usula transitoria que dispone que el l\u00edmite de incompatibilidades sea aplicable reci\u00e9n \u201cen el pr\u00f3ximo per\u00edodo\u201d. El cambio favorece a varios intendentes que ocupan dos cargos o que tienen cargos reservados en distintos organismos.<\/p>\n<p>En el Senado, donde el proyecto de ley finalmente fue sancionado, las principales bancadas expresaron su apoyo<\/p>\n<p>La aprobaci\u00f3n es \u00able\u00edda\u00bb por el massismo como un triunfo pol\u00edtico ya que la iniciativa fue impulsada por este espacio desde el 2013, a\u00f1o en que el diputado nacional y l\u00edder del Frente Renovador se enfrent\u00f3 al kirchnerismo con este proyecto.<\/p>\n<p>De hecho, el ex intendente de Tigre se refiri\u00f3 a la propuesta que impulsaron al afirmar que la aprobaci\u00f3n es \u00abel fin del paradigma de la perpetuidad en el poder para todos los dirigentes que buscan atornillarse a un cargo\u00bb.<\/p>\n<p>Hoy se terminan en la Provincia de Buenos Aires las reelecciones indefinidas. Hoy empieza el final de los eternos. De los que llegan a un cargo y se quedan a vivir. De los que no creen en la renovaci\u00f3n de la pol\u00edtica.\u00a0 De los que se transforman en parte del paisaje permanente\u201d, agreg\u00f3 Massa.<\/p>\n<h6>Fuente: InfoCielo<\/h6>\n","protected":false},"excerpt":{"rendered":"<p>El Senado sancion\u00f3 hoy la ley que pone fin a las reelecciones indefinidas, y que fuera presentado como el primer paso de la reforma pol\u00edtica.<\/p>\n","protected":false},"author":2,"featured_media":52366,"comment_status":"closed","ping_status":"closed","sticky":false,"template":"","format":"standard","meta":{"footnotes":""},"categories":[65],"tags":[12],"class_list":["post-52365","post","type-post","status-publish","format-standard","has-post-thumbnail","hentry","category-provincias","tag-buenos-aires"],"_links":{"self":[{"href":"http:\/\/argentinamunicipal.com.ar\/argentina\/wp-json\/wp\/v2\/posts\/52365","targetHints":{"allow":["GET"]}}],"collection":[{"href":"http:\/\/argentinamunicipal.com.ar\/argentina\/wp-json\/wp\/v2\/posts"}],"about":[{"href":"http:\/\/argentinamunicipal.com.ar\/argentina\/wp-json\/wp\/v2\/types\/post"}],"author":[{"embeddable":true,"href":"http:\/\/argentinamunicipal.com.ar\/argentina\/wp-json\/wp\/v2\/users\/2"}],"replies":[{"embeddable":true,"href":"http:\/\/argentinamunicipal.com.ar\/argentina\/wp-json\/wp\/v2\/comments?post=52365"}],"version-history":[{"count":0,"href":"http:\/\/argentinamunicipal.com.ar\/argentina\/wp-json\/wp\/v2\/posts\/52365\/revisions"}],"wp:featuredmedia":[{"embeddable":true,"href":"http:\/\/argentinamunicipal.com.ar\/argentina\/wp-json\/wp\/v2\/media\/52366"}],"wp:attachment":[{"href":"http:\/\/argentinamunicipal.com.ar\/argentina\/wp-json\/wp\/v2\/media?parent=52365"}],"wp:term":[{"taxonomy":"category","embeddable":true,"href":"http:\/\/argentinamunicipal.com.ar\/argentina\/wp-json\/wp\/v2\/categories?post=52365"},{"taxonomy":"post_tag","embeddable":true,"href":"http:\/\/argentinamunicipal.com.ar\/argentina\/wp-json\/wp\/v2\/tags?post=52365"}],"curies":[{"name":"wp","href":"https:\/\/api.w.org\/{rel}","templated":true}]}}