{"id":52368,"date":"2016-08-18T06:42:19","date_gmt":"2016-08-18T09:42:19","guid":{"rendered":"http:\/\/argentinamunicipal.com.ar\/argentina\/?p=52368"},"modified":"2016-08-18T06:42:19","modified_gmt":"2016-08-18T09:42:19","slug":"desde-arba-le-respondieron-intendentes-negaron-aumento-automatico-impuestos","status":"publish","type":"post","link":"http:\/\/argentinamunicipal.com.ar\/argentina\/desde-arba-le-respondieron-intendentes-negaron-aumento-automatico-impuestos\/","title":{"rendered":"Desde ARBA le respondieron a intendentes y negaron aumento \u00abautom\u00e1tico\u00bb de impuestos"},"content":{"rendered":"<p>Desde el organismo se\u00f1alaron que la actualizaci\u00f3n de valores inmobiliarios no implica una suba inmediata de la masa tributaria. Los intendentes Bucca (Azul) y Osuna (Las Heras) se hab\u00edan\u00a0 mostrado alertas.<\/p>\n<p>El gerente general de Servicios al Contribuyente de ARBA, Sebasti\u00e1n Brusa, se refiri\u00f3 al reval\u00fao emprendido por la Provincia y se\u00f1al\u00f3 que \u201cla tarea de actualizaci\u00f3n en el valor de los inmuebles del territorio bonaerense no significa necesariamente un aumento del Impuesto Inmobiliario Urbano\u201d.<\/p>\n<p>\u201cHoy estamos en una instancia t\u00e9cnica, trabajando en comisiones junto a los municipios, que nos aportan el conocimiento que tienen sobre su territorio para lograr un an\u00e1lisis m\u00e1s preciso de las valuaciones, garantizando un procedimiento transparente. De esta forma, cumplimos con lo que establece la Ley de Catastro, que prev\u00e9 una actualizaci\u00f3n de los valores inmobiliarios por lo menos una vez cada 10 a\u00f1os\u201d, afirm\u00f3 el funcionario como forma\u00a0 de respuestas a intendentes bonaerenses que se hab\u00edan mostrado preocupados por la situaci\u00f3n.<\/p>\n<p>En ese sentido, Brusa ampli\u00f3 el plante\u00f3: \u201cSi bien este trabajo sirve como base de c\u00e1lculo, lo concreto es que el valor del impuesto depende de la pol\u00edtica tributaria que defina el Ejecutivo y luego sea puesta a consideraci\u00f3n de la Legislatura mediante la Ley Impositiva. Es decir que no existe una relaci\u00f3n autom\u00e1tica ni directa entre la actualizaci\u00f3n de los valores de las propiedades y una variaci\u00f3n impositiva que, en todo caso, responde a una decisi\u00f3n posterior\u201d.<\/p>\n<p>En cuanto al impacto que una actualizaci\u00f3n de los valores inmobiliarios podr\u00eda generar en las tasas municipales, Brusa hizo hincapi\u00e9 en que \u201cson los propios municipios quienes resuelven si utilizan o no las valuaciones de ARBA como base de c\u00e1lculo y, al mismo tiempo, tambi\u00e9n son ellos quienes deciden qu\u00e9 pol\u00edtica tributaria adoptar dentro de sus distritos\u201d.<\/p>\n<p>En di\u00e1logo con INFOCIELO, el intendente massista de Las Heras, Javier Osuna, hab\u00eda asegurado que la medida generar\u00eda un aumento en los impuestos y alert\u00f3 que con esta iniciativa \u201c\u201ca a pasar lo que pas\u00f3 con el gas y la luz, la gente no puede pagar\u201d.<\/p>\n<p>El otro alcalde en pronunciarse fue el de Bol\u00edvar, Eduardo Bucca, quien alert\u00f3 sobre la posibilidad de \u201cque los vecinos tengan una gran carga para pagar los impuestos provinciales y quede para el \u00faltimo el pago de los municipales que han tenido una ca\u00edda en la recaudaci\u00f3n en general en toda la provincia\u201d.<\/p>\n<h6>Fuente: InfoCielo<\/h6>\n","protected":false},"excerpt":{"rendered":"<p>Desde el organismo se\u00f1alaron que la actualizaci\u00f3n de valores inmobiliarios no implica una suba inmediata de la masa tributaria. Los intendentes Bucca (Azul) y Osuna (Las Heras) se hab\u00edan  mostrado alertas.<\/p>\n","protected":false},"author":2,"featured_media":52369,"comment_status":"closed","ping_status":"closed","sticky":false,"template":"","format":"standard","meta":{"footnotes":""},"categories":[4],"tags":[12],"class_list":["post-52368","post","type-post","status-publish","format-standard","has-post-thumbnail","hentry","category-informe-politico","tag-buenos-aires"],"_links":{"self":[{"href":"http:\/\/argentinamunicipal.com.ar\/argentina\/wp-json\/wp\/v2\/posts\/52368","targetHints":{"allow":["GET"]}}],"collection":[{"href":"http:\/\/argentinamunicipal.com.ar\/argentina\/wp-json\/wp\/v2\/posts"}],"about":[{"href":"http:\/\/argentinamunicipal.com.ar\/argentina\/wp-json\/wp\/v2\/types\/post"}],"author":[{"embeddable":true,"href":"http:\/\/argentinamunicipal.com.ar\/argentina\/wp-json\/wp\/v2\/users\/2"}],"replies":[{"embeddable":true,"href":"http:\/\/argentinamunicipal.com.ar\/argentina\/wp-json\/wp\/v2\/comments?post=52368"}],"version-history":[{"count":0,"href":"http:\/\/argentinamunicipal.com.ar\/argentina\/wp-json\/wp\/v2\/posts\/52368\/revisions"}],"wp:featuredmedia":[{"embeddable":true,"href":"http:\/\/argentinamunicipal.com.ar\/argentina\/wp-json\/wp\/v2\/media\/52369"}],"wp:attachment":[{"href":"http:\/\/argentinamunicipal.com.ar\/argentina\/wp-json\/wp\/v2\/media?parent=52368"}],"wp:term":[{"taxonomy":"category","embeddable":true,"href":"http:\/\/argentinamunicipal.com.ar\/argentina\/wp-json\/wp\/v2\/categories?post=52368"},{"taxonomy":"post_tag","embeddable":true,"href":"http:\/\/argentinamunicipal.com.ar\/argentina\/wp-json\/wp\/v2\/tags?post=52368"}],"curies":[{"name":"wp","href":"https:\/\/api.w.org\/{rel}","templated":true}]}}