{"id":52392,"date":"2016-08-18T06:26:23","date_gmt":"2016-08-18T09:26:23","guid":{"rendered":"http:\/\/argentinamunicipal.com.ar\/argentina\/?p=52392"},"modified":"2016-08-18T07:32:58","modified_gmt":"2016-08-18T10:32:58","slug":"68-sacerdotes-huelga-hambre","status":"publish","type":"post","link":"http:\/\/argentinamunicipal.com.ar\/argentina\/68-sacerdotes-huelga-hambre\/","title":{"rendered":"68 sacerdotes en huelga de hambre"},"content":{"rendered":"<p>En cada lugar donde est\u00e9n, los curas se sumar\u00e1n por 24 horas al ayuno que se inici\u00f3 el domingo en la Plaza de Mayo en reclamo por la libertad de la lider de la Tupac Amaru. El diputado del Parlasur, Agust\u00edn Rossi, visiti\u00f3 ayer el acampe.<\/p>\n<p>Un total de sesenta y ocho sacerdotes del grupo Curas en Opci\u00f3n por los Pobres se sumar\u00e1n hoy a la huelga de hambre que realizan desde el domingo en Plaza de Mayo dirigentes de organizaciones sociales en solidaridad con la diputada del Parlasur Milagro Sala, encarcelada desde enero en Jujuy. As\u00ed acompa\u00f1ar\u00e1n en la protesta a Francisco \u201cPaco\u201d Olveira de esa corriente del clero cat\u00f3lico, que el lunes se incorpor\u00f3 al acampe en la hist\u00f3rica plaza. Adem\u00e1s, el pr\u00f3ximo domingo a partir de las 17 se oficiar\u00e1 all\u00ed una misa \u201cen contra de la incomunicaci\u00f3n y detenci\u00f3n ilegal de la diputada del Parlasur\u201d, a quien calificaron como \u201cla primera presa pol\u00edtica de esta democracia\u201d. Ayer visit\u00f3 el acampe el parlamentario del Mercosur, Agust\u00edn Rossi.<\/p>\n<p>En el lugar, el ex funcionario consider\u00f3 \u201ces una situaci\u00f3n grav\u00edsima, se est\u00e1 llevando a cabo una acci\u00f3n criminal contra Milagro Sala\u201d al tiempo que reiter\u00f3 \u201cel pedido de libertad inmediata\u201d para la diputada del Mercosur. \u201cEstamos en presencia de la primera presa pol\u00edtica de este gobierno\u201d, apunt\u00f3 el ex ministro de Defensa y aclar\u00f3 que dicho accionar \u201cmerece el repudio de todos\u201d. Rossi apunt\u00f3 contra el gobernador de Jujuy Gerardo Morales al asegurar que \u201cal asumir arm\u00f3 su Corte Suprema\u201d creando as\u00ed \u201cun poder judicial absolutamente adicto\u201d.<\/p>\n<p>La huelga de hambre de los Curas en Opci\u00f3n por los Pobres y de integrantes de diversas organizaciones sociales y sindicales se extender\u00e1 por 24 horas y se realizar\u00e1 tambi\u00e9n en protesta por lo que consideran \u201cla p\u00e9rdida del estado de derecho en Jujuy\u201d. Desde el lunes, el sacerdote Olveira comenz\u00f3 junto a otras personas una huelga de hambre en Plaza de Mayo \u201chasta tanto se levante la incomunicaci\u00f3n a Milagro Sala y en reclamo a su liberaci\u00f3n\u201d.<\/p>\n<p>Al fundamentar su participaci\u00f3n en el ayuno, los religiosos destacaron que se unen a la protesta \u201ccontra la p\u00e9rdida del estado de derecho en Jujuy y solidariz\u00e1ndonos con nuestra digna hermana Milagro Sala, de origen pobre y colla, primera presa pol\u00edtica de esta democracia de baj\u00edsima intensidad\u201d.<\/p>\n<p>Junto a Olveira, participan en la protesta el coordinador nacional de la Tupac Amaru Alejandro Garfagnini, la dirigente de las Madres Contra la Violencia Institucional Gumercinda Gim\u00e9nez Valdez y el representante de la CTA Victorio Paul\u00f3n, entre otros. Entre los Curas en Opci\u00f3n por los Pobres que se sumar\u00e1n hoy a la huelga de hambre en los lugares donde est\u00e9n se encuentran Marcelo Ciaramella (Quilmes), Eduardo de la Serna (Quilmes), Rodolfo Viano (Bah\u00eda Blanca), Daniel Echeverr\u00eda (Misionero de los Sagrados Corazones, San Justo), Mariano Ledesma (Santiago del Estero), Ra\u00fal Gabrielli (San Martin) y Roberto Ferrari (San Isidro).<\/p>\n<p>Sala levant\u00f3 el martes la huelga de hambre que comenz\u00f3 el viernes en protesta por una sanci\u00f3n de aislamiento con restricci\u00f3n de visitas y le explic\u00f3 al juez de Control juje\u00f1o Isidoro Cruz que ces\u00f3 la protesta a pedido de su familia.<\/p>\n<p>En tanto, la senadora nacional de la Uni\u00f3n C\u00edvica Radical por Jujuy Silvia Giacoppo afirm\u00f3 que \u201ccausa sorpresa e indignaci\u00f3n escuchar a quienes hablan de Milagro Sala como presa pol\u00edtica\u201d y declar\u00f3 que quienes califican as\u00ed a la dirigente detenida tienen \u201cuna mirada alejada del sentir de los juje\u00f1os\u201d. La legisladora radical remarc\u00f3 que \u201cMilagro Sala est\u00e1 presa por corrupci\u00f3n, defraudaci\u00f3n al Estado, asociaci\u00f3n il\u00edcita y por amenazas, y quienes vivimos en Jujuy y sufrimos su accionar sabemos de qu\u00e9 hablamos\u201d. La senadora Giacoppo tributa a cada uno de los argumentos del gobernador Morales que apuntan a desarticular el trabajo social de las cooperativas de trabajo de la Tupac Amaru y terminar con esa organziaci\u00f3n que, en la pr\u00e1ctica, le disput\u00f3 poder al bipartidismo provincial.<\/p>\n<p>Sala est\u00e1 detenida desde el 16 de enero en el penal de Alto Comedero, en principio por haber protagonizado una protesta contra el gobierno de Morales, y aunque en esa causa fue excarcelada nunca recuper\u00f3 la libertad porque se fueron sumando otras denuncias.<\/p>\n<h6>Fuente: P\u00e1gina 12<\/h6>\n","protected":false},"excerpt":{"rendered":"<p>En cada lugar donde est\u00e9n, los curas se sumar\u00e1n por 24 horas al ayuno que se inici\u00f3 el domingo en la Plaza de Mayo en reclamo por la libertad de la lider de la Tupac Amaru. El diputado del Parlasur, Agust\u00edn Rossi, visiti\u00f3 ayer el acampe.<\/p>\n","protected":false},"author":2,"featured_media":52393,"comment_status":"closed","ping_status":"closed","sticky":false,"template":"","format":"standard","meta":{"footnotes":""},"categories":[8],"tags":[21],"class_list":["post-52392","post","type-post","status-publish","format-standard","has-post-thumbnail","hentry","category-informe-nacional","tag-argentina"],"_links":{"self":[{"href":"http:\/\/argentinamunicipal.com.ar\/argentina\/wp-json\/wp\/v2\/posts\/52392","targetHints":{"allow":["GET"]}}],"collection":[{"href":"http:\/\/argentinamunicipal.com.ar\/argentina\/wp-json\/wp\/v2\/posts"}],"about":[{"href":"http:\/\/argentinamunicipal.com.ar\/argentina\/wp-json\/wp\/v2\/types\/post"}],"author":[{"embeddable":true,"href":"http:\/\/argentinamunicipal.com.ar\/argentina\/wp-json\/wp\/v2\/users\/2"}],"replies":[{"embeddable":true,"href":"http:\/\/argentinamunicipal.com.ar\/argentina\/wp-json\/wp\/v2\/comments?post=52392"}],"version-history":[{"count":0,"href":"http:\/\/argentinamunicipal.com.ar\/argentina\/wp-json\/wp\/v2\/posts\/52392\/revisions"}],"wp:featuredmedia":[{"embeddable":true,"href":"http:\/\/argentinamunicipal.com.ar\/argentina\/wp-json\/wp\/v2\/media\/52393"}],"wp:attachment":[{"href":"http:\/\/argentinamunicipal.com.ar\/argentina\/wp-json\/wp\/v2\/media?parent=52392"}],"wp:term":[{"taxonomy":"category","embeddable":true,"href":"http:\/\/argentinamunicipal.com.ar\/argentina\/wp-json\/wp\/v2\/categories?post=52392"},{"taxonomy":"post_tag","embeddable":true,"href":"http:\/\/argentinamunicipal.com.ar\/argentina\/wp-json\/wp\/v2\/tags?post=52392"}],"curies":[{"name":"wp","href":"https:\/\/api.w.org\/{rel}","templated":true}]}}