{"id":52410,"date":"2016-08-18T06:00:47","date_gmt":"2016-08-18T09:00:47","guid":{"rendered":"http:\/\/argentinamunicipal.com.ar\/argentina\/?p=52410"},"modified":"2016-08-18T08:02:25","modified_gmt":"2016-08-18T11:02:25","slug":"frutillas-productores-corondinos-preocupados-la-importacion","status":"publish","type":"post","link":"http:\/\/argentinamunicipal.com.ar\/argentina\/frutillas-productores-corondinos-preocupados-la-importacion\/","title":{"rendered":"Frutillas: productores corondinos preocupados por la importaci\u00f3n"},"content":{"rendered":"<p>En lo que va del a\u00f1o ingresaron cuatro veces m\u00e1s toneladas de fruta que en todo 2015. Desde la Asociaci\u00f3n de Productores Frutihort\u00edcolas dijeron que la llegada de mercader\u00eda los afecta mucho y que se trata de una econom\u00eda regional que est\u00e1 en crisis<\/p>\n<p>A fines de julio, y frente a la inquietud del gobierno provincial y de industriales por el ingreso de productos provenientes del exterior que afectan fuertemente a distintos sectores productivos, se anunci\u00f3 la creaci\u00f3n de un Observatorio de Importaciones destinado a analizar la incidencia en Santa Fe, de la llegada de mercader\u00eda extranjera.<\/p>\n<p>En un primer momento, la preocupaci\u00f3n radicaba fundamentalmente en el ingreso de electrodom\u00e9sticos de la denominada l\u00ednea blanca que pon\u00edan en jaque a la industria local. Sin embargo, no solo artefactos son los que entran al pa\u00eds desde la fijaci\u00f3n de nuevas pol\u00edticas al respecto, sino que ayer, el ministro de la Producci\u00f3n, Luis Contigiani se mostr\u00f3 en alerta ante la importaci\u00f3n de alimentos.<\/p>\n<p>\u00abEst\u00e1n ingresando muchas importaciones de alimentos. El caso de la frutilla, que hemos planteado en estos d\u00edas, de 23 toneladas en 2015 pasamos a 110 o 120 toneladas en lo que va del a\u00f1o. Vienen de diferentes pa\u00edses, algunos incre\u00edbles, sabiendo que Santa Fe tiene una regi\u00f3n como Coronda que tiene una de las econom\u00edas regionales m\u00e1s importantes\u00bb, se\u00f1al\u00f3 ayer el ministro a LT8 de Rosario.<\/p>\n<p>En ese contexto, Daniel Dip, presidente de la Asociaci\u00f3n de Productores Frutihort\u00edcolas de Coronda y Zona reflej\u00f3 tambi\u00e9n su preocupaci\u00f3n ante el ingreso de frutas provenientes de otros pa\u00edses.<\/p>\n<p>\u00abEsto nos afecta mucho, porque somos una econom\u00eda regional en crisis. Con la lluvia que tuvimos hubo muchas hect\u00e1reas afectadas. Encima ahora entra frutilla de afuera, y el productor est\u00e1 desesperado\u00bb, grafic\u00f3.<\/p>\n<p>Consultado sobre si desde la asociaci\u00f3n estaban al tanto del ingreso de fruta del exterior, se\u00f1al\u00f3 que hace menos de una semana que tomaron conocimiento, y que si bien todos los a\u00f1os \u00abentra algo de fruta\u00bb, no en las cantidades de las que se est\u00e1 hablando.<\/p>\n<p>\u00abEn Coronda hay bastante fruta congelada para proveer el mercado nacional, y esta es la temporada en que podemos vender la frutilla que nos queda del a\u00f1o anterior, pero al entrar productos de afuera va a ser m\u00e1s dif\u00edcil de vender\u00bb, reflej\u00f3 y aclar\u00f3 que el precio al que se comercia el producto importado es superior al de las frutillas locales. Sin embargo, eso achica el mercado para la fruta corondina.<\/p>\n<p>En esa l\u00ednea cont\u00f3 que entre hoy y ma\u00f1ana habr\u00e1 una reuni\u00f3n de productores en donde se analizar\u00e1 cu\u00e1les ser\u00e1n los pasos a seguir frente a la llegada de fruta del exterior.<\/p>\n<p>\u00abSi fuera frutilla del Mercosur, tendr\u00edamos que aguantarlo, pero si es de otros lugares como figura, es dif\u00edcil, porque nosotros en Europa tenemos barreras paraarancelarias que no dejan ingresar nuestros productos. Entonces, uno no entiende c\u00f3mo se deja entrar mercader\u00eda de esos lugares\u00bb, se quej\u00f3.<\/p>\n<p><strong>Sector golpeado<\/strong><br \/>\nAnualmente, en una superficie de alrededor de 400 hect\u00e1reas, se producen en Coronda unas 8.000 toneladas de frutillas. Sin embargo, por las contingencias clim\u00e1ticas este a\u00f1o habr\u00e1 una merma significativa.<br \/>\nSeg\u00fan resalt\u00f3 Dip, los m\u00e1s afectados con lo acontecido son los peque\u00f1os y medianos productores y a ra\u00edz de la lluvia, este a\u00f1o habr\u00e1 entre dos y tres millones de kilos menos de frutillas.<\/p>\n<p>\u00abEs much\u00edsimo, incluso la gente de Arroyo Leyes tiene los mismos problemas, Tucum\u00e1n tambi\u00e9n y si no podemos comercializar lo poco que cosechemos, va a ser dif\u00edcil volver a plantar la temporada que viene. Esto no se va a sentir tanto este a\u00f1o, pero la temporada que viene s\u00ed\u00bb, expres\u00f3.<\/p>\n<p>Por \u00faltimo, alert\u00f3 tambi\u00e9n sobre la delicada realidad que atraviesan tambi\u00e9n aquellos trabajadores que dependen de la actividad.<\/p>\n<p>\u00abNosotros a veces no terminamos la cosecha porque no tenemos ventas, y sin ventas no se puede seguir cosechando. La gente que trabaja con nosotros que vive al d\u00eda, esta econ\u00f3micamente mal. A la zona le afecta mucho, y encima traen frutillas de afuera\u00bb, indic\u00f3.<br \/>\nEn tanto, el intendente de Coronda, Marcelo Calvet, manifest\u00f3 a Diario UNO haberse enterado recientemente de la importaci\u00f3n de frutillas, y que si bien hab\u00eda un rumor al respecto en la ciudad, \u00abno se sab\u00eda a ciencia cierta si se hab\u00eda producido o no\u00bb.<\/p>\n<p>En ese sentido, se\u00f1al\u00f3 que \u00abacompa\u00f1ar a los productores es primordial, porque se trata de una de las econom\u00edas que mueve a toda la ciudad\u00bb.<br \/>\n\u00abLa regi\u00f3n, y la parte productiva, en 60 o 70% funciona en base a la econom\u00eda frutillera. Estaremos al tanto, e involucr\u00e1ndonos con los productores para hacer alg\u00fan reclamo en el ente oficial que corresponda. Tanto a la provincia para que ayude, o directamente en la Naci\u00f3n, si no hay eco en el gobierno provincial\u00bb, manifest\u00f3.<\/p>\n<h6>Fuente: Uno Santa Fe<\/h6>\n","protected":false},"excerpt":{"rendered":"<p>En lo que va del a\u00f1o ingresaron cuatro veces m\u00e1s toneladas de fruta que en todo 2015. Desde la Asociaci\u00f3n de Productores Frutihort\u00edcolas dijeron que la llegada de mercader\u00eda los afecta mucho y que se trata de una econom\u00eda regional que est\u00e1 en crisis<\/p>\n","protected":false},"author":2,"featured_media":52411,"comment_status":"closed","ping_status":"closed","sticky":false,"template":"","format":"standard","meta":{"footnotes":""},"categories":[2],"tags":[10],"class_list":["post-52410","post","type-post","status-publish","format-standard","has-post-thumbnail","hentry","category-informe-municipal","tag-santa-fe"],"_links":{"self":[{"href":"http:\/\/argentinamunicipal.com.ar\/argentina\/wp-json\/wp\/v2\/posts\/52410","targetHints":{"allow":["GET"]}}],"collection":[{"href":"http:\/\/argentinamunicipal.com.ar\/argentina\/wp-json\/wp\/v2\/posts"}],"about":[{"href":"http:\/\/argentinamunicipal.com.ar\/argentina\/wp-json\/wp\/v2\/types\/post"}],"author":[{"embeddable":true,"href":"http:\/\/argentinamunicipal.com.ar\/argentina\/wp-json\/wp\/v2\/users\/2"}],"replies":[{"embeddable":true,"href":"http:\/\/argentinamunicipal.com.ar\/argentina\/wp-json\/wp\/v2\/comments?post=52410"}],"version-history":[{"count":0,"href":"http:\/\/argentinamunicipal.com.ar\/argentina\/wp-json\/wp\/v2\/posts\/52410\/revisions"}],"wp:featuredmedia":[{"embeddable":true,"href":"http:\/\/argentinamunicipal.com.ar\/argentina\/wp-json\/wp\/v2\/media\/52411"}],"wp:attachment":[{"href":"http:\/\/argentinamunicipal.com.ar\/argentina\/wp-json\/wp\/v2\/media?parent=52410"}],"wp:term":[{"taxonomy":"category","embeddable":true,"href":"http:\/\/argentinamunicipal.com.ar\/argentina\/wp-json\/wp\/v2\/categories?post=52410"},{"taxonomy":"post_tag","embeddable":true,"href":"http:\/\/argentinamunicipal.com.ar\/argentina\/wp-json\/wp\/v2\/tags?post=52410"}],"curies":[{"name":"wp","href":"https:\/\/api.w.org\/{rel}","templated":true}]}}