{"id":52425,"date":"2016-08-18T08:28:22","date_gmt":"2016-08-18T11:28:22","guid":{"rendered":"http:\/\/argentinamunicipal.com.ar\/argentina\/?p=52425"},"modified":"2016-08-18T08:28:22","modified_gmt":"2016-08-18T11:28:22","slug":"la-difusion-sin-caras-ya-se-discute-municipios-neuquinos","status":"publish","type":"post","link":"http:\/\/argentinamunicipal.com.ar\/argentina\/la-difusion-sin-caras-ya-se-discute-municipios-neuquinos\/","title":{"rendered":"La difusi\u00f3n sin caras ya se discute en municipios neuquinos"},"content":{"rendered":"<p>El MPN presiona para que los intendentes se sumen a la ley.<\/p>\n<p>El MPN presiona para que los municipios adhieran a la ley de impersonalidad pol\u00edtica y que de esta manera est\u00e9n en consonancia con el proyecto del gobernador Omar Guti\u00e9rrez, que ya tiene el visto bueno en la Legislatura.<\/p>\n<p>Ya hay proyectos presentados en Centenario, Cutral Co, Plaza Huincul y Neuqu\u00e9n capital. En esta \u00faltima ya hay voluntad de prohibir que los actos de gobierno lleven la cara del intendente, y tambi\u00e9n de quitar los esl\u00f3ganes de gesti\u00f3n.<\/p>\n<p>Pero la madre de las batallas est\u00e1 en la Legislatura. El martes, por 10 votos contra 2, el partido provincial, los aliados, el quiroguismo, Libres del Sur y la izquierda dieron favorable un escueto proyecto oficial para prohibir la difusi\u00f3n oficial a trav\u00e9s de caras, esl\u00f3ganes y hasta \u201clas voces\u201d, seg\u00fan propuso el diputado del PRO, Dami\u00e1n Canuto.<\/p>\n<p>En cambio, el proyecto en minor\u00eda, de Ra\u00fal Podest\u00e1 del Frente Grande, era m\u00e1s complejo. Propon\u00eda regular la publicidad y el contenido de la publicidad oficial en los medios. El proyecto tuvo el apoyo del Frente y la Participaci\u00f3n Neuquina y el Frente para la Victoria, pero finalmente no prosper\u00f3.<\/p>\n<p>En la trastienda del tratamiento del proyecto oficial, que podr\u00eda ser aprobado en el recinto la semana que viene, dispara varios interrogantes entre los diputados. Uno es la invitaci\u00f3n a los municipios a adherir al proyecto y el alcance al Poder Judicial. \u201cLos municipios son aut\u00f3nomos y el Poder Judicial no tiene nada que ver. Es claramente inconstitucional\u201d, explic\u00f3 una fuente legislativa.<\/p>\n<p>Mientras tanto, en las ciudades se avanza a medias con el proyecto. En Centenario, la propuesta \u201cduerme\u201d en comisi\u00f3n. Y, hasta ahora, ninguno de los concejales ha tenido la voluntad de tratarlo.<\/p>\n<p><strong>Los vicios<\/strong><\/p>\n<p>Es dif\u00edcil no hablar de uno mismo<\/p>\n<p>Hasta en las calles. El intendente Marcelo Rucci, de Rinc\u00f3n de los Sauces, tiene su nombre hasta en las calles del pueblo. \u00bfPodr\u00e1 acompa\u00f1ar la decisi\u00f3n del gobernador?<\/p>\n<p>El equipo Cimolai. En Centenario, el Municipio reemplaz\u00f3 la \u201cgesti\u00f3n Bertoldi\u201d por el \u201cequipo Cimolai\u201d. Si prospera el proyecto, tendr\u00e1n que retirar el eslogan de apellidos.<\/p>\n<p>El dilema de los newsletter. Si bien el proyecto proh\u00edbe las caras en las publicidades oficiales, no quita que los pol\u00edticos puedan promocionarse por otros medios a la prensa.<\/p>\n<h6>Fuente: La Ma\u00f1ana Neuqu\u00e9n<\/h6>\n","protected":false},"excerpt":{"rendered":"<p>El MPN presiona para que los intendentes se sumen a la ley.<\/p>\n","protected":false},"author":2,"featured_media":52426,"comment_status":"closed","ping_status":"closed","sticky":false,"template":"","format":"standard","meta":{"footnotes":""},"categories":[2],"tags":[23],"class_list":["post-52425","post","type-post","status-publish","format-standard","has-post-thumbnail","hentry","category-informe-municipal","tag-neuquen"],"_links":{"self":[{"href":"http:\/\/argentinamunicipal.com.ar\/argentina\/wp-json\/wp\/v2\/posts\/52425","targetHints":{"allow":["GET"]}}],"collection":[{"href":"http:\/\/argentinamunicipal.com.ar\/argentina\/wp-json\/wp\/v2\/posts"}],"about":[{"href":"http:\/\/argentinamunicipal.com.ar\/argentina\/wp-json\/wp\/v2\/types\/post"}],"author":[{"embeddable":true,"href":"http:\/\/argentinamunicipal.com.ar\/argentina\/wp-json\/wp\/v2\/users\/2"}],"replies":[{"embeddable":true,"href":"http:\/\/argentinamunicipal.com.ar\/argentina\/wp-json\/wp\/v2\/comments?post=52425"}],"version-history":[{"count":0,"href":"http:\/\/argentinamunicipal.com.ar\/argentina\/wp-json\/wp\/v2\/posts\/52425\/revisions"}],"wp:featuredmedia":[{"embeddable":true,"href":"http:\/\/argentinamunicipal.com.ar\/argentina\/wp-json\/wp\/v2\/media\/52426"}],"wp:attachment":[{"href":"http:\/\/argentinamunicipal.com.ar\/argentina\/wp-json\/wp\/v2\/media?parent=52425"}],"wp:term":[{"taxonomy":"category","embeddable":true,"href":"http:\/\/argentinamunicipal.com.ar\/argentina\/wp-json\/wp\/v2\/categories?post=52425"},{"taxonomy":"post_tag","embeddable":true,"href":"http:\/\/argentinamunicipal.com.ar\/argentina\/wp-json\/wp\/v2\/tags?post=52425"}],"curies":[{"name":"wp","href":"https:\/\/api.w.org\/{rel}","templated":true}]}}