{"id":52447,"date":"2016-08-22T06:54:39","date_gmt":"2016-08-22T09:54:39","guid":{"rendered":"http:\/\/argentinamunicipal.com.ar\/argentina\/?p=52447"},"modified":"2016-08-22T06:54:39","modified_gmt":"2016-08-22T09:54:39","slug":"tras-la-mediacion-intendente-rio-cuarto-relanza-la-agenda-oficial","status":"publish","type":"post","link":"http:\/\/argentinamunicipal.com.ar\/argentina\/tras-la-mediacion-intendente-rio-cuarto-relanza-la-agenda-oficial\/","title":{"rendered":"Tras la mediaci\u00f3n, el intendente de Rio Cuarto\u00a0relanza la agenda oficial"},"content":{"rendered":"<p>El intendente tiene previsto presentar el Presupuesto Participativo, dejar inaugurada la primera oficina de descentralizaci\u00f3n y poner en marcha el dispensario de 24 horas. Excontratados definen qu\u00e9 har\u00e1n<\/p>\n<p>Tras la audiencia de mediaci\u00f3n por el conflicto con los excontratados municipales, el intendente Juan Manuel Llamosas busca ahora relanzar la agenda oficial para recuperar la iniciativa pol\u00edtica.<\/p>\n<p>Entre otras cosas, Llamosas tiene previsto lanzar esta semana el Presupuesto Participativo que consiste en consultar a los vecinos qu\u00e9 obras consideran que se deben priorizar en el Presupuesto 2017.<\/p>\n<p>Tambi\u00e9n est\u00e1n pendientes la habilitaci\u00f3n de la primera oficina de descentralizaci\u00f3n administrativa en Banda Norte y la puesta en marcha del dispensario que funcionar\u00e1 las 24 horas tal cual se prometi\u00f3 en la campa\u00f1a electoral.<\/p>\n<p>Con respecto a las obras p\u00fablicas prometidas, se espera el inicio de las 296 cuadras de cord\u00f3n cuneta y se avanza en la pavimentaci\u00f3n de Presidente Per\u00f3n y R\u00edo Segundo.<\/p>\n<p>En la semana que pas\u00f3, se lanz\u00f3 el Programa Placeros y tambi\u00e9n se anunci\u00f3 el Ente Preventivo Urbano luego de que el gobierno de Juan Schiaretti le hiciera entrega al Municipio de tres patrulleros durante su visita oficial a la capital alterna.<\/p>\n<p>Mientras el martes pr\u00f3ximo se reanudar\u00e1 la mesa de discusi\u00f3n salarial, el Municipio festejar\u00e1 hoy, de 14 a 17, junto con la Provincia, el D\u00eda del Ni\u00f1o en 12 puntos de la ciudad, oportunidad en la que habr\u00e1 juegos, espect\u00e1culos, m\u00fasica, regalos y chocolate caliente.<\/p>\n<p>-Con el aporte por parte de la Provincia de tres m\u00f3viles, \u00bfcu\u00e1ndo arranca el Ente Preventivo Urbano?-, pregunt\u00f3 PUNTAL.<br \/>\n-Estamos cumpliendo la primera etapa del Ente Preventivo Urbano que nosotros anunciamos en nuestra campa\u00f1a. Con estos primeros tres m\u00f3viles, en los pr\u00f3ximos d\u00edas estaremos avanzando en lo que va a ser la primera etapa de los agentes preventivos urbanos que son los que van a hacer prevenci\u00f3n en seguridad ciudadana trabajando en conjunto con la Polic\u00eda de la Provincia. A esto se le van a agregar las c\u00e1maras disuasivas en distintos sectores de la ciudad, lo que nos va a permitir en un tiempo prudencial poder completar la Central de Monitoreo que va a dar por concluido nuestro proyecto-, se\u00f1al\u00f3 Llamosas.<\/p>\n<p>\u201cEn ese sentido, quiero agradecer al gobernador (Juan)\u2008Schiaretti que, al poco tiempo de haber asumido mi gesti\u00f3n municipal, contamos con estos tres patrulleros que son para la seguridad preventiva y que van a ser conducidos por agentes municipales. Vamos a comenzar en el barrio Alberdi, en el sur de la ciudad y en Banda Norte y tambi\u00e9n en el microcentro a los efectos de generar una mejor prevenci\u00f3n en materia de seguridad ciudadana\u201d, afirm\u00f3.<\/p>\n<p>Y\u2008a\u00f1adi\u00f3:\u2008\u201cSi a esto le sumamos los agentes preventivos que van a estar recorriendo los barrios de la ciudad y tambi\u00e9n el centro tendremos m\u00e1s ojos y o\u00eddos para estar custodiando los bienes municipales y tambi\u00e9n a los vecinos de la ciudad\u201d.<\/p>\n<p>Al respecto, Llamosas hizo menci\u00f3n al programa de los placeros:\u2008\u201cEstar\u00e1n en catorce plazas de nuestra ciudad y van a ser auxiliares tambi\u00e9n de los agentes preventivos porque tambi\u00e9n van ayudar en la seguridad\u201d.<\/p>\n<p>\u201cNosotros estamos haciendo un reordenamiento del personal municipal y en los concursos p\u00fablicos que hemos adelantado va a haber un n\u00famero determinado para los agentes preventivos\u201d, sostuvo.<\/p>\n<p>El intendente tambi\u00e9n manifest\u00f3 que \u201cen la pr\u00f3xima semana (por esta semana)\u2008se estar\u00e1 presentando el Presupuesto Participativo, tal como se present\u00f3 el Programa Placeros\u201d.<\/p>\n<p>\u201cEstamos avanzando en cada uno de los programas. Por ejemplo, junto con el ministro de Salud (Francisco Fortuna), estamos poniendo en marcha el arreglo del Dispensario 1 de barrio Alberdi, porque necesita ser acondicionado para poder tenerlo las 24 horas abierto. Mientras tanto, vamos a poner en marcha r\u00e1pidamente nuestro primer dispensario de 24 horas en el sur de la ciudad, m\u00e1s exactamente en el predio del viejo hospital\u201d, precis\u00f3.<\/p>\n<p>Llamosas tambi\u00e9n dijo que \u201choy hay seis frentes de obra descontando los equipos municipales trabajando en el mantenimiento de las calles de tierra y el bacheo\u201d y acot\u00f3 que \u201cen tres meses se estar\u00e1 avanzando con 2 mil luminarias led\u201d.<\/p>\n<p>\u201cTambi\u00e9n se ha llevado a cabo la apertura de sobres del Parque Costanera Norte y el pr\u00f3ximo a\u00f1o vamos a tener la obra de la Costanera Sur que nos va a permitir la pavimentaci\u00f3n de esa traza\u201d, puntualiz\u00f3.<\/p>\n<p>Y\u2008agreg\u00f3:\u2008\u201cAdem\u00e1s est\u00e1 la obra de los desag\u00fces de Laguna Blanca que se encuentra en un proceso de licitaci\u00f3n y la Planta Cloacal que est\u00e1 pr\u00f3xima a ser adjudicada\u201d.<\/p>\n<p>Finalmente, el intendente se pronunci\u00f3 a favor de una ciudad agroalimentaria. \u201cEn ese marco, ya est\u00e1 en marcha la Agencia C\u00f3rdoba Innovar. Nosotros necesitamos esa articulaci\u00f3n entre el sector p\u00fablico y el privado con las fuentes del conocimiento, como nuestra universidad y las otras universidades, para darle valor agregado a la producci\u00f3n primaria de R\u00edo Cuarto\u201d, se\u00f1al\u00f3.<\/p>\n<p><strong>Los cesanteados<\/strong><\/p>\n<p>Por su parte, los excontratados se encuentran definiendo los pasos a seguir luego de la audiencia en la Delegaci\u00f3n R\u00edo Cuarto del Ministerio de Trabajo de C\u00f3rdoba y a la espera de la nueva reuni\u00f3n del 30 del corriente tras el cuarto intermedio.<\/p>\n<p>\u201cEstamos analizando lo sucedido en el ministerio a los fines de poder combinar una idea con el gremio para generar una propuesta en este cuarto intermedio\u201d, dijeron los cesanteados en di\u00e1logo con PUNTAL.<\/p>\n<h6>Fuente: Puntal<\/h6>\n","protected":false},"excerpt":{"rendered":"<p>El intendente tiene previsto presentar el Presupuesto Participativo, dejar inaugurada la primera oficina de descentralizaci\u00f3n y poner en marcha el dispensario de 24 horas. Excontratados definen qu\u00e9 har\u00e1n<\/p>\n","protected":false},"author":2,"featured_media":52448,"comment_status":"closed","ping_status":"closed","sticky":false,"template":"","format":"standard","meta":{"footnotes":""},"categories":[4],"tags":[3],"class_list":["post-52447","post","type-post","status-publish","format-standard","has-post-thumbnail","hentry","category-informe-politico","tag-cordoba"],"_links":{"self":[{"href":"http:\/\/argentinamunicipal.com.ar\/argentina\/wp-json\/wp\/v2\/posts\/52447","targetHints":{"allow":["GET"]}}],"collection":[{"href":"http:\/\/argentinamunicipal.com.ar\/argentina\/wp-json\/wp\/v2\/posts"}],"about":[{"href":"http:\/\/argentinamunicipal.com.ar\/argentina\/wp-json\/wp\/v2\/types\/post"}],"author":[{"embeddable":true,"href":"http:\/\/argentinamunicipal.com.ar\/argentina\/wp-json\/wp\/v2\/users\/2"}],"replies":[{"embeddable":true,"href":"http:\/\/argentinamunicipal.com.ar\/argentina\/wp-json\/wp\/v2\/comments?post=52447"}],"version-history":[{"count":0,"href":"http:\/\/argentinamunicipal.com.ar\/argentina\/wp-json\/wp\/v2\/posts\/52447\/revisions"}],"wp:featuredmedia":[{"embeddable":true,"href":"http:\/\/argentinamunicipal.com.ar\/argentina\/wp-json\/wp\/v2\/media\/52448"}],"wp:attachment":[{"href":"http:\/\/argentinamunicipal.com.ar\/argentina\/wp-json\/wp\/v2\/media?parent=52447"}],"wp:term":[{"taxonomy":"category","embeddable":true,"href":"http:\/\/argentinamunicipal.com.ar\/argentina\/wp-json\/wp\/v2\/categories?post=52447"},{"taxonomy":"post_tag","embeddable":true,"href":"http:\/\/argentinamunicipal.com.ar\/argentina\/wp-json\/wp\/v2\/tags?post=52447"}],"curies":[{"name":"wp","href":"https:\/\/api.w.org\/{rel}","templated":true}]}}