{"id":52456,"date":"2016-08-22T07:14:17","date_gmt":"2016-08-22T10:14:17","guid":{"rendered":"http:\/\/argentinamunicipal.com.ar\/argentina\/?p=52456"},"modified":"2016-08-22T07:14:17","modified_gmt":"2016-08-22T10:14:17","slug":"agua-potable-santo-tome-desvio-arijon-sauce-viejo","status":"publish","type":"post","link":"http:\/\/argentinamunicipal.com.ar\/argentina\/agua-potable-santo-tome-desvio-arijon-sauce-viejo\/","title":{"rendered":"Agua potable para Santo Tom\u00e9, Desv\u00edo Arij\u00f3n y Sauce Viejo"},"content":{"rendered":"<p>La eventual conexi\u00f3n fue motivo de anuncios recurrentes. Seg\u00fan el ministro Jos\u00e9 Garibay, en diciembre estar\u00eda todo listo para empezar a abastecer a los vecinos.<\/p>\n<p>Si los plazos se cumplen como las autoridades estiman, a fines de a\u00f1o, las localidades de Desv\u00edo Arij\u00f3n, Sauce Viejo y Santo Tom\u00e9 estar\u00edan en condiciones de empezar a consumir agua potable producida por el acueducto que tiene su toma sobre el r\u00edo Coronda.<\/p>\n<p>\u201cLa obra est\u00e1 completa. Las plantas potabilizadoras est\u00e1n operativas y en pruebas; s\u00f3lo est\u00e1n faltando algunas obras de interconexi\u00f3n. Esperamos que antes de fin de a\u00f1o podamos estar habilitando el sistema, y entregando agua potable a estas tres localidades\u201d, dijo a El Litoral el ministro de Infraestructura, Jos\u00e9 Garibay.<\/p>\n<p>En rigor, los tres distritos poseen agua potable ya en algunos sectores, pero de perforaci\u00f3n. De hecho, parte de las instalaciones que hoy se emplean para esa distribuci\u00f3n se seguir\u00e1n utilizando con el nuevo sistema.<\/p>\n<p><strong>Conexiones<\/strong><\/p>\n<p>Mientras siguen los meses de prueba del proceso de potabilizaci\u00f3n a partir de la finalizaci\u00f3n de la obra de la toma y planta, los detalles que se ajustan ahora tienen que ver con la conexi\u00f3n de los diferentes \u201ceslabones\u201d que permitir\u00e1n llevar el agua a los usuarios. Para ello, el proyecto incorpor\u00f3 la ejecuci\u00f3n de cisternas que, seg\u00fan precis\u00f3 Garibay, \u201cya est\u00e1n construidas\u201d y eran parte del plan original de obras que deb\u00eda desarrollar la empresa que construy\u00f3 el acueducto. Se previeron dos cisternas en Santo Tom\u00e9 (barrio El Tanque y barrio Luz y Fuerza) con una capacidad total de almacenamiento de 13 mil millones de litros de agua; una en Desv\u00edo Arij\u00f3n y una en Sauce Viejo, donde se dejar\u00e1 todo previsto para que se instale una segunda que abastecer\u00e1 a los barrios del norte. En el caso de Santo Tom\u00e9 se dispusieron, adem\u00e1s, tres centros de distribuci\u00f3n para alimentar la red domiciliaria. Entre la cisterna y los centros de distribuci\u00f3n se debe realizar una obra de impulsi\u00f3n (instalaci\u00f3n de bombas), con una inversi\u00f3n estimada en 15 millones de pesos.<\/p>\n<p>Concluidos esos enlaces, queda en manos de municipios y comunas la tarea de continuar la red domiciliaria para que efectivamente el agua llegue a los vecinos. \u201cDesde las cisternas, son las localidades las que administran y distribuyen el agua\u201d, clarific\u00f3 Garibay.<\/p>\n<p>En la pr\u00e1ctica, ello significa que los sectores ya servidos en los tres distritos tendr\u00e1n agua potable ni bien se habilite el sistema. En cambio, el resto de los barrios y sectores de las mismas localidades que hoy no tienen servicio deber\u00e1n esperar que la gesti\u00f3n comunal o municipal -seg\u00fan el caso- se haga cargo de desarrollar las conexiones secundarias.<\/p>\n<p><strong>Qui\u00e9n factura<\/strong><\/p>\n<p>La planta del acueducto, al igual que las ya construidas y a construir, ser\u00e1 operada por Aguas Santafesinas S.A. Dicha empresa ser\u00e1 quien facture el agua producida para las tres localidades, que ser\u00e1n las \u201cdistribuidoras\u201d y con las que se firmar\u00e1n los respectivos convenios.<\/p>\n<p>\u201cA partir de all\u00ed, el municipio o comuna en vez de tener un costo por la perforaci\u00f3n y toma de agua, va a tener otro costo que ser\u00e1 facturado por Assa por la potabilizaci\u00f3n del agua a partir del acueducto\u201d, explic\u00f3 Garibay. En el caso de Santo Tom\u00e9, el administrador del servicio es el municipio; en Desv\u00edo Arij\u00f3n, una cooperativa que integra la comuna, y en Sauce Viejo, la administraci\u00f3n es tambi\u00e9n comunal.<\/p>\n<p>\u201cAssa no le facturar\u00e1 al usuario -aclar\u00f3 el ministro-; el usuario va a seguir recibiendo una factura como hasta ahora de la comuna, del municipio o de la cooperativa. La factura ser\u00e1 la misma -insisti\u00f3-. Y la comuna deber\u00e1 ver de qu\u00e9 manera absorbe este costo que le va a generar la provisi\u00f3n de agua potable desde el r\u00edo Coronda\u201d.<\/p>\n<p>Mensualmente, la comuna deber\u00e1 pagarle a Assa el costo que demande la producci\u00f3n del volumen de agua potable que consuma su localidad. \u201cEntendemos que Assa poco a poco va a ir absorbiendo lo que es la administraci\u00f3n de los acueductos. No es que se suman ciudades servidas por Assa -aclar\u00f3 Garibay-, sino que Assa opera y administra los acueductos, mientras que sigue dejando en manos de municipios y comunas la distribuci\u00f3n. Lo \u00fanico que cambie es la procedencia del agua, que ser\u00e1 de mejor calidad\u201d, asegur\u00f3.<\/p>\n<p><strong>A qu\u00e9 precio<\/strong><\/p>\n<p>Consultado sobre qui\u00e9n y c\u00f3mo establecer\u00e1 el cuadro tarifario para las localidades servidas con el nuevo servicio, el ministro dijo que se aplicar\u00e1n los valores autorizados por Aguas Santafesinas.<\/p>\n<p>\u201cLa comuna o municipio no podr\u00e1 imponer su precio -advirti\u00f3-. Assa establece un costo del agua y la administraci\u00f3n comunal o municipal deber\u00e1 acatarlo\u201d. Garibay aclar\u00f3 que no existir\u00e1 \u201cun precio operativo de esa planta potabilizadora\u201d en particular. \u201cLo que haremos -explic\u00f3- es trabajar con un mismo valor para el metro c\u00fabico del agua en toda la provincia (costo del agua en bloque), sea cual fuere el lugar de la provisi\u00f3n y la distancia que haya que recorrer\u201d.<\/p>\n<p>La tarifa, como en la actualidad, ser\u00e1 propuesta por Assa y autorizada por el Ministerio de Infraestructura, que tendr\u00e1 la \u00faltima palabra. \u201cEs el Ministerio el que define el precio final. La comuna o municipio no puede interferir en la tarifa del agua, tal como es hoy en el esquema energ\u00e9tico. All\u00ed, Cammesa (la distribuidora mayorista) provee energ\u00eda a la EPE y dice \u2018sale tanto\u2019. Lo mismo suceder\u00e1 con el agua en las ciudades servidas por el acueducto\u201d, concluy\u00f3.<\/p>\n<p>Abastecer con agua potable a Desv\u00edo Arij\u00f3n, Sauce Viejo y Santo Tom\u00e9 es, en realidad, el objetivo de la primera etapa del acueducto. En el futuro, su meta m\u00e1s ambiciosa es llegar hasta Rafaela. Foto: Archivo El Litoral<\/p>\n<p><strong>El dato: \u00a0Demoras<\/strong><\/p>\n<p>El abastecimiento real con agua potable producida a partir del acueducto de Desv\u00edo Arij\u00f3n encontr\u00f3 varios anuncios incumplidos en los \u00faltimos a\u00f1os. En enero de 2015, el por entonces ministro de Aguas, Antonio Ciancio, estimaba que \u201cen julio o agosto\u201d de ese a\u00f1o, las localidades ya tendr\u00edan el servicio. No pudo ser. En diciembre pasado, a s\u00f3lo un d\u00eda de terminar su mandato, el por entonces gobernador Antonio Bonfatti participaba de la puesta en marcha de las bombas en la planta ya terminada, y dec\u00eda que \u201cdespu\u00e9s de dos meses de prueba\u201d, el agua comenzar\u00eda a llegar a los vecinos. Volvi\u00f3 a pasar el tiempo. Lleg\u00f3 agosto y una nueva promesa: \u201cFines de 2016\u201d.<\/p>\n<p><strong>Traza hasta Rafaela<\/strong><\/p>\n<p>Abastecer con agua potable a Desv\u00edo Arij\u00f3n, Sauce Viejo y Santo Tom\u00e9 es, en realidad, el objetivo de la primera etapa del acueducto. En el futuro, su meta m\u00e1s ambiciosa es llegar hasta Rafaela.<br \/>\nPara ello, la provincia espera acceder a recursos procedentes de los fondos petroleros de Abu Dhabi. Las gestiones ya fueron iniciadas por el Ministerio de Econom\u00eda, pero el propio ministro Jos\u00e9 Garibay advirti\u00f3 que la actual coyuntura econ\u00f3mica conspira contra los tiempos.<\/p>\n<p>\u201cLos tr\u00e1mites est\u00e1n iniciados, pero por un lado, se espera la autorizaci\u00f3n de Abu Dhabi del financiamiento, y por el otro, de la Naci\u00f3n. Despu\u00e9s, necesitamos tambi\u00e9n la autorizaci\u00f3n de nuestra Legislatura. Son varios tr\u00e1mites -lament\u00f3-, por eso no podemos traducir todo esto en tiempos. A ello debemos sumarle todo el proceso licitatorio, que tambi\u00e9n es extenso, porque cada etapa tiene que estar validada por el organismo internacional\u201d.<\/p>\n<p>Aun as\u00ed, sostuvo que la expectativa es poder comenzar con la obra en 2018. \u201cLa obra demandar\u00e1 unos 18 meses de trabajo. Si a mitad del a\u00f1o que viene podemos licitar, hacia fines de 2018 o principios de 2019 ya estar\u00edamos llevando agua a Rafaela. Pero la coyuntura econ\u00f3mica no ayuda demasiado ahora\u201d, admiti\u00f3.<\/p>\n<p>La inversi\u00f3n demandar\u00eda unos 1.700 millones de pesos; el 55% ser\u00eda financiado por el fondo internacional y el resto con aportes del tesoro.<\/p>\n<h6>Fuente: El Litoral Santa fe<\/h6>\n","protected":false},"excerpt":{"rendered":"<p>La eventual conexi\u00f3n fue motivo de anuncios recurrentes. Seg\u00fan el ministro Jos\u00e9 Garibay, en diciembre estar\u00eda todo listo para empezar a abastecer a los vecinos.<\/p>\n","protected":false},"author":2,"featured_media":52457,"comment_status":"closed","ping_status":"closed","sticky":false,"template":"","format":"standard","meta":{"footnotes":""},"categories":[2],"tags":[10],"class_list":["post-52456","post","type-post","status-publish","format-standard","has-post-thumbnail","hentry","category-informe-municipal","tag-santa-fe"],"_links":{"self":[{"href":"http:\/\/argentinamunicipal.com.ar\/argentina\/wp-json\/wp\/v2\/posts\/52456","targetHints":{"allow":["GET"]}}],"collection":[{"href":"http:\/\/argentinamunicipal.com.ar\/argentina\/wp-json\/wp\/v2\/posts"}],"about":[{"href":"http:\/\/argentinamunicipal.com.ar\/argentina\/wp-json\/wp\/v2\/types\/post"}],"author":[{"embeddable":true,"href":"http:\/\/argentinamunicipal.com.ar\/argentina\/wp-json\/wp\/v2\/users\/2"}],"replies":[{"embeddable":true,"href":"http:\/\/argentinamunicipal.com.ar\/argentina\/wp-json\/wp\/v2\/comments?post=52456"}],"version-history":[{"count":0,"href":"http:\/\/argentinamunicipal.com.ar\/argentina\/wp-json\/wp\/v2\/posts\/52456\/revisions"}],"wp:featuredmedia":[{"embeddable":true,"href":"http:\/\/argentinamunicipal.com.ar\/argentina\/wp-json\/wp\/v2\/media\/52457"}],"wp:attachment":[{"href":"http:\/\/argentinamunicipal.com.ar\/argentina\/wp-json\/wp\/v2\/media?parent=52456"}],"wp:term":[{"taxonomy":"category","embeddable":true,"href":"http:\/\/argentinamunicipal.com.ar\/argentina\/wp-json\/wp\/v2\/categories?post=52456"},{"taxonomy":"post_tag","embeddable":true,"href":"http:\/\/argentinamunicipal.com.ar\/argentina\/wp-json\/wp\/v2\/tags?post=52456"}],"curies":[{"name":"wp","href":"https:\/\/api.w.org\/{rel}","templated":true}]}}