{"id":52465,"date":"2016-08-22T05:43:03","date_gmt":"2016-08-22T08:43:03","guid":{"rendered":"http:\/\/argentinamunicipal.com.ar\/argentina\/?p=52465"},"modified":"2016-08-22T07:47:39","modified_gmt":"2016-08-22T10:47:39","slug":"triunvirato-unificar-la-cgt","status":"publish","type":"post","link":"http:\/\/argentinamunicipal.com.ar\/argentina\/triunvirato-unificar-la-cgt\/","title":{"rendered":"Un triunvirato para unificar a la CGT"},"content":{"rendered":"<p>La nueva conducci\u00f3n ser\u00e1 encabezada por Juan Carlos Schmid, H\u00e9ctor Daer y Carlos Acu\u00f1a. Mientras el MASA confirm\u00f3 que no participar\u00e1, la Corriente Federal de Trabajadores impulsa una conducci\u00f3n m\u00e1s amplia. Venegas present\u00f3 una impugnaci\u00f3n judicial.<\/p>\n<p>La Confederaci\u00f3n General del Trabajo concretar\u00e1 hoy su unificaci\u00f3n. El congreso normalizador aprobar\u00e1 la fusi\u00f3n de la mayor parte de los sindicatos justicialistas, mediante la designaci\u00f3n de un triunvirato que integrar\u00e1n H\u00e9ctor Daer, Carlos Acu\u00f1a y Juan Carlos Schmid. El macrista Ger\u00f3nimo \u201cMomo\u201d Venegas ya anunci\u00f3 que impugnar\u00e1 el acto y el Movimiento Acci\u00f3n Sindical Argentino (MASA), que encabeza el taxista Omar Viviani, tampoco participar\u00e1, aunque hasta \u00faltimo momento estar\u00e1 abierto el cierre de la lista. La Corriente Federal de Trabajadores que propone al bancario Sergio Palazzo insiste con la apertura de la c\u00fapula para una mayor representaci\u00f3n de los espacios sindicales.<\/p>\n<p>\u201cNo se puede decir que la lista est\u00e1 completa, porque aun faltan llenar algunos casilleros y las conversaciones continuar\u00e1n, incluso llegar\u00e1n hasta el lunes (por hoy) a primera hora\u201d, se\u00f1alaban anoche las fuentes sindicales consultadas sobre el cierre de las negociaciones. Despu\u00e9s de muchos a\u00f1os de divisiones, el sindicalismo justicialista tom\u00f3 el camino de la unidad ante un nuevo escenario pol\u00edtico en el que el salario de los trabajadores fue raleado por la inflaci\u00f3n, el tarifazo y las paritarias por debajo de las estimaciones econ\u00f3micas. \u201cTenemos a casi todos adentro. Creemos que va a ser una conducci\u00f3n representativa de la mayor\u00eda de los trabajadores argentinos\u201d, asegur\u00f3 un dirigente sindical de la CGT Alsina que hasta hoy conduce el metal\u00fargico Antonio Cal\u00f3.<\/p>\n<p>El proceso para llegar a la fusi\u00f3n de las distintas CGT fue largo y lleno de dificultades. Durante los 90, el camionero Hugo Moyano se enfrent\u00f3 a las pol\u00edticas impulsadas por Carlos Menem desde la Presidencia y creo el Movimiento de Trabajadores Argentinos (MTA). La irrupci\u00f3n del kirchnerismo provoc\u00f3 la unidad de las distintas facciones, que acordaron en un primer momento una conducci\u00f3n colegiada representada en un triunvirato, tal y como se plantea para la elecci\u00f3n de hoy, que tendr\u00e1 lugar en Obras Sanitarias. Pero el espacio liderado por el gastron\u00f3mico Luis Barrionuevo fue una de las primeras escisiones de la central obrera, despu\u00e9s de haber sido uno de los pilares sindicales del menemismo, gobierno que sigui\u00f3 los influjos del neoliberalismo en nombre del justicialismo. La impronta pol\u00edtica e ideol\u00f3gica del kirchnerismo determin\u00f3 un enfrentamiento natural y desemboc\u00f3 en la salida del gastron\u00f3mico y la creaci\u00f3n de su propio sello, la CGT Azul y Blanca.<\/p>\n<p>Despu\u00e9s fue Moyano quien se enemist\u00f3 con la presidenta Cristina Fern\u00e1ndez de Kirchner y forz\u00f3 su candidatura a pesar de la negativa de gran parte de los dirigentes gremiales. As\u00ed se conform\u00f3 el escenario sindical con tres agrupamientos: la CGT Azul y Blanca de Barrionuevo, la CGT Azopardo de Moyano y la CGT oficial, reconocida por el Ministerio de Trabajo, bajo el liderazgo de Antonio Cal\u00f3.<\/p>\n<p>En un primer momento, la victoria del macrismo en las elecciones de diciembre pasado llev\u00f3 hacia un mismo cauce a los principales espacios pol\u00edticos gremiales. Por un lado, a quienes entendieron que las pol\u00edticas del gobierno de Cambiemos debilitan a los trabajadores y al movimiento sindical; por otro a los que quieren negociar con el Gobierno y mantener su cuota de poder; e inicialmente, tambi\u00e9n a los que se quieren quedar con la representaci\u00f3n sindical para el Gobierno, posici\u00f3n hoy minoritaria, encabezada por el ruralista Ger\u00f3nimo Venegas, quien hoy objeta el triunvirato acordado por los dem\u00e1s sectores.<\/p>\n<p>El acuerdo al que llegaron las principales facciones cegetistas implica el reparto de los tres cargos m\u00e1ximos de conducci\u00f3n. La CGT de Moyano impulsa a Juan Carlos Schmid, dirigente de la Federaci\u00f3n Mar\u00edtima Portuaria. Junto a \u00e9l estar\u00e1n el estacionero Carlos Acu\u00f1a, delf\u00edn de Barrionuevo, y de parte de la CGT oficial, aunque no de todos los espacios que la integran, el dirigente de Sanidad y diputado del Frente Renovador H\u00e9ctor Daer.<\/p>\n<p>El acuerdo se termin\u00f3 de sellar en la noche del viernes, en un encuentro en UPCN donde se defini\u00f3 \u201cm\u00e1s del 80 por ciento de los cargos en la lista\u201d, confi\u00f3 a P\u00e1gina\/12 uno de los dirigentes involucrados en la negociaci\u00f3n. La c\u00fapula estar\u00e1 compuesta por 34 cargos en los que ya est\u00e1n definidos casi todos los nombres. \u201cEl resto est\u00e1 por resolverse en las pr\u00f3ximas horas. Estamos a la espera de ver qu\u00e9 nos responden los compa\u00f1eros\u201d, agreg\u00f3 el sindicalista.<\/p>\n<p>Venegas ya anunci\u00f3 que se presentar\u00e1 ante la Justicia para impugnar el congreso que se realizar\u00e1 hoy por no cumplir con los tiempos previstos y, adem\u00e1s, por \u201cno cumplir con el estatuto\u201d, que indica que se debe elegir a un solo secretario general. Los dirigentes que consensuaron el triunvirato estiman que sus pocas chances de llegar a conducir en nombre del macrismo la CGT lo obligan a ponerse fuera de la central obrera.<\/p>\n<p>El MASA anticip\u00f3 que no participar\u00e1 del congreso, mientras la Corriente Federal de Trabajadores \u2013que integran los bancarios, la Federaci\u00f3n Gr\u00e1fica y una parte de la Uni\u00f3n Obrera Metal\u00fargica, entre m\u00e1s de cuarenta gremios y seccionales de todo el pa\u00eds\u2013 defiende las pol\u00edticas desplegadas en los \u00faltimos doce a\u00f1os que favorecieron a los trabajadores y promueve un programa que contenga un plan de lucha para enfrentar al macrismo. \u201cPlanteamos que la CGT debe hacer un paro, pero que adem\u00e1s debe estar inmersa en un plan de defensa de los derechos de los trabajadores que enfrente las pol\u00edticas del gobierno nacional, que da\u00f1an sensiblemente el bolsillo y la vida de los laburantes\u201d, dijo a este diario un dirigente que integra el espacio gremial combativo. Reclamaron integrar la c\u00fapula de la CGT \u201campliando la cantidad de gente, porque sabemos que no es representativo de todo el movimiento obrero el triunvirato que est\u00e1 pensado hasta el momento\u201d. No obstante, los sindicalistas de este sector adelantaron que no dejar\u00e1n la CGT en caso de no lograr un acuerdo con los dem\u00e1s espacios.<\/p>\n<h6>Fuente: P\u00e1gina 12<\/h6>\n","protected":false},"excerpt":{"rendered":"<p>La nueva conducci\u00f3n ser\u00e1 encabezada por Juan Carlos Schmid, H\u00e9ctor Daer y Carlos Acu\u00f1a. Mientras el MASA confirm\u00f3 que no participar\u00e1, la Corriente Federal de Trabajadores impulsa una conducci\u00f3n m\u00e1s amplia.<\/p>\n","protected":false},"author":2,"featured_media":52466,"comment_status":"closed","ping_status":"closed","sticky":false,"template":"","format":"standard","meta":{"footnotes":""},"categories":[8],"tags":[21],"class_list":["post-52465","post","type-post","status-publish","format-standard","has-post-thumbnail","hentry","category-informe-nacional","tag-argentina"],"_links":{"self":[{"href":"http:\/\/argentinamunicipal.com.ar\/argentina\/wp-json\/wp\/v2\/posts\/52465","targetHints":{"allow":["GET"]}}],"collection":[{"href":"http:\/\/argentinamunicipal.com.ar\/argentina\/wp-json\/wp\/v2\/posts"}],"about":[{"href":"http:\/\/argentinamunicipal.com.ar\/argentina\/wp-json\/wp\/v2\/types\/post"}],"author":[{"embeddable":true,"href":"http:\/\/argentinamunicipal.com.ar\/argentina\/wp-json\/wp\/v2\/users\/2"}],"replies":[{"embeddable":true,"href":"http:\/\/argentinamunicipal.com.ar\/argentina\/wp-json\/wp\/v2\/comments?post=52465"}],"version-history":[{"count":0,"href":"http:\/\/argentinamunicipal.com.ar\/argentina\/wp-json\/wp\/v2\/posts\/52465\/revisions"}],"wp:featuredmedia":[{"embeddable":true,"href":"http:\/\/argentinamunicipal.com.ar\/argentina\/wp-json\/wp\/v2\/media\/52466"}],"wp:attachment":[{"href":"http:\/\/argentinamunicipal.com.ar\/argentina\/wp-json\/wp\/v2\/media?parent=52465"}],"wp:term":[{"taxonomy":"category","embeddable":true,"href":"http:\/\/argentinamunicipal.com.ar\/argentina\/wp-json\/wp\/v2\/categories?post=52465"},{"taxonomy":"post_tag","embeddable":true,"href":"http:\/\/argentinamunicipal.com.ar\/argentina\/wp-json\/wp\/v2\/tags?post=52465"}],"curies":[{"name":"wp","href":"https:\/\/api.w.org\/{rel}","templated":true}]}}