{"id":52483,"date":"2016-08-22T04:06:57","date_gmt":"2016-08-22T07:06:57","guid":{"rendered":"http:\/\/argentinamunicipal.com.ar\/argentina\/?p=52483"},"modified":"2016-08-22T08:11:25","modified_gmt":"2016-08-22T11:11:25","slug":"la-radio-municipal-parana-ya-cuenta-equipos-se-construye-la-sede","status":"publish","type":"post","link":"http:\/\/argentinamunicipal.com.ar\/argentina\/la-radio-municipal-parana-ya-cuenta-equipos-se-construye-la-sede\/","title":{"rendered":"La radio municipal de Paran\u00e1 ya cuenta con equipos y se construye la sede"},"content":{"rendered":"<p>Arriba del edificio municipal de las 5 Esquinas funcionar\u00e1 el multimedio municipal de Paran\u00e1: radio y editorial.<\/p>\n<p>La creaci\u00f3n del multimedio municipal que anunci\u00f3 el intendente Sergio Varisco en el mes de marzo en el sindicato de los periodistas y comunicadores avanza rumbo a su concreci\u00f3n.<\/p>\n<p>Por estos d\u00edas, se firm\u00f3 el convenio para la cesi\u00f3n de los equipos para la transmisi\u00f3n, que llegan a la Municipalidad de Paran\u00e1 en concepto de comodato. Adem\u00e1s, comenzaron los trabajos para la refacci\u00f3n de la terraza del edificio municipal de la 5 Esquina, donde se construir\u00e1n las oficinas en las que habr\u00e1n de funcionar la radio y editorial en creaci\u00f3n.<\/p>\n<p>Desde la Secretar\u00eda de Medios y Comunicaci\u00f3n Ciudadana, su titular, Jos\u00e9 Escobar, indic\u00f3 a EL DIARIO que \u201cpor estos d\u00edas los asesores legales est\u00e1n estudiando el anteproyecto de ordenanza para que luego el Concejo Deliberante pueda tratar la iniciativa. Esperamos que en las pr\u00f3ximas sesiones est\u00e9 ingresando el proyecto y as\u00ed poder contar con los medios de comunicaci\u00f3n que, lo diremos todas las veces que sean necesarias: no ser\u00e1 del gobierno, sino del estado, donde confluyan todas las voces\u201d.<\/p>\n<p>Escobar dijo que con recursos profesionales del municipio se est\u00e1 edificando la sede de la radio en la azotea del edificio situado en la esquina de Avenida Ram\u00edrez y Pascual Echag\u00fce.<\/p>\n<p>\u201cLos arquitectos de la Municipalidad nos han dicho que la obra de techado del lugar es imprescindible para resguardar el edificio. Es una necesidad que no se puede postergar, pese a que viene de larga data. Es as\u00ed que se realizar\u00e1 aprovechando esa circunstancia las oficinas de la futura radio y la editorial de libros\u201d.<\/p>\n<p>\u201cEl Departamento Ejecutivo tiene la posibilidad real de sacar la creaci\u00f3n por decreto, pero esa no es la idea pol\u00edtica: queremos que la creaci\u00f3n del multimedio se debata en el Concejo Deliberante, donde est\u00e1n representadas las distintas voces. Y ese es el puntapi\u00e9 inicial para la amplitud que pretendemos que tenga la radio\u201d, dijo el funcionario.<\/p>\n<p>Agreg\u00f3 que \u201cde igual manera, los asesores legales trabajan sobre el criterio de amplitud y por eso se est\u00e1 pensando en la creaci\u00f3n de un ente aut\u00e1rquico con representaci\u00f3n de los distintos bloques de concejales, pero donde tambi\u00e9n tenga participaci\u00f3n otros sectores que sabemos que dar\u00e1n marco de consenso y control a los medios. Es el caso de las universidades p\u00fablicas, los sindicatos que operan en el Municipio y el de periodistas y trabajadores de radio, la Defensor\u00eda del Pueblo, los institutos espec\u00edficos de formaci\u00f3n radial, por ejemplo\u201d.<\/p>\n<p>Audiencias. El vocero municipal dijo que durante todo este tiempo se han realizado reuniones y audiencias con distintos sectores de la comunidad para dar a conocer la idea de hacer el multimedio, pero tambi\u00e9n para escuchar distintas propuestas.<\/p>\n<p>\u201cLa idea ha sido muy recibida, como lo ha informado la prensa cada vez que hemos tenido reuniones con los distintos sectores. La UNER, la Uader, la UTN, pero tambi\u00e9n la UCA, el instituto ETER se mostraron muy conformes con la creaci\u00f3n del multimedio y celebraron la idea de hacer un medio plural\u201d, sostuvo Escobar, tras lo cual agreg\u00f3 que \u201cqueremos que esa amplitud est\u00e9 legislada y que no sea f\u00e1cil para futuros gobierno romper el criterio de pluralidad\u201d.<\/p>\n<p>Escobar cont\u00f3 que se tomaron todos los antecedentes que expresaban la voluntad del municipio para hacer una radio, pero que fue necesario hacer todas las gestiones ante organismos federales de nuevo a fin de contar con la autorizaci\u00f3n para funcionar en el dial. En ese sentido sostuvo que, \u201cadem\u00e1s de los equipos ya contamos con la autorizaci\u00f3n para funcionar en el eter, de modo que, habi\u00e9ndose hecho ya las audiencias, por m\u00e1s que puedan quedar algunas m\u00e1s, en lo que estamos trabajando es en contar con un lugar f\u00edsico donde funcionar\u201d. \u201cEste a\u00f1o queremos que la radio municipal ya est\u00e9 transmitiendo\u201d, anunci\u00f3 el vocero.<\/p>\n<p>Escobar record\u00f3 que para coordinar el proyecto, acercar las posiciones de todos los sectores, convocar a audiencias y contribuir a crear los elementos para la ordenanza, se convoc\u00f3 al periodista Jorge Riani, que \u201ces un profesional que ha trabajado en los \u00faltimos treinta a\u00f1os en distintos medios de comunicaci\u00f3n locales y de alcance nacional tambi\u00e9n\u201d.<\/p>\n<p>Junto a Riani, Escobar ha visitado a autoridades de distintas entidades, como \u201cbloques de concejales, sindicatos, universidades, entidades como la DAIA, a fin de que puedan pensar el proyecto, enriquecerlo y sentirse parte\u201d.<\/p>\n<p>Hubo que trabajar en muchos sentidos. As\u00ed, hubo un equipo que trabaj\u00f3 la cuesti\u00f3n t\u00e9cnica y otro que hizo las gestiones ante los organismos federales, cont\u00f3 el secretario de Medios, tras lo cual agreg\u00f3 que \u201ccasi todo se ha hecho con los recursos existentes en la Municipalidad\u201d.<\/p>\n<p>Escobar sostuvo que la idea es hacer una radio de servicios, pero tambi\u00e9n con contenido period\u00edstico, donde se canalicen los grandes temas debatibles en la \u00f3rbita urbana.<\/p>\n<p>\u201cQueremos tratar p\u00fablicamente cuestiones de pol\u00edtica ciudadana, como por ejemplo la ubicaci\u00f3n de la Terminal de \u00f3mnibus o el tratamiento de los arroyos, que son materia de discusi\u00f3n. Pero adem\u00e1s buscamos que se canalicen todas las voces, todas las expresiones art\u00edsticas de la ciudad, y que sea una radio de prestigio, profesional y donde confluyan todas las voces que conforman eso que llamamos realidad, pero que es tan compleja y multifac\u00e9tica\u201d.<br \/>\nLibros<\/p>\n<p>La decisi\u00f3n de hacer una editorial de libros apunta en dos direcciones. Por un lado la reedici\u00f3n de libros que hace al acervo cultural y memoria de la ciudad, como el Libro de Oro, de Alfeo Zanini, que data de 1926.<\/p>\n<p>Y por otro lado, la idea es poder imprimir libros que cuentan aspectos de la ciudad y que merecen ser editados, tanto por el trabajo de los autores, como por el hecho de que constituyen material que merecen ser difundidos y socializados, cont\u00f3 Escobar.<\/p>\n<p>En ese punto sostuvo que \u201csi bien sabemos cu\u00e1les son aquellos libros que la ciudad merece que se reediten, queremos que haya una comisi\u00f3n de notables \u2013escritores, docentes, editores\u2013 que puedan asesorar qu\u00e9 libros deben pasar por la editorial municipal\u201d.<\/p>\n<h6>Fuente: El Diario<\/h6>\n","protected":false},"excerpt":{"rendered":"<p>Arriba del edificio municipal de las 5 Esquinas funcionar\u00e1 el multimedio municipal de Paran\u00e1: radio y editorial.<\/p>\n","protected":false},"author":2,"featured_media":52484,"comment_status":"closed","ping_status":"closed","sticky":false,"template":"","format":"standard","meta":{"footnotes":""},"categories":[2],"tags":[17],"class_list":["post-52483","post","type-post","status-publish","format-standard","has-post-thumbnail","hentry","category-informe-municipal","tag-entre-rios"],"_links":{"self":[{"href":"http:\/\/argentinamunicipal.com.ar\/argentina\/wp-json\/wp\/v2\/posts\/52483","targetHints":{"allow":["GET"]}}],"collection":[{"href":"http:\/\/argentinamunicipal.com.ar\/argentina\/wp-json\/wp\/v2\/posts"}],"about":[{"href":"http:\/\/argentinamunicipal.com.ar\/argentina\/wp-json\/wp\/v2\/types\/post"}],"author":[{"embeddable":true,"href":"http:\/\/argentinamunicipal.com.ar\/argentina\/wp-json\/wp\/v2\/users\/2"}],"replies":[{"embeddable":true,"href":"http:\/\/argentinamunicipal.com.ar\/argentina\/wp-json\/wp\/v2\/comments?post=52483"}],"version-history":[{"count":0,"href":"http:\/\/argentinamunicipal.com.ar\/argentina\/wp-json\/wp\/v2\/posts\/52483\/revisions"}],"wp:featuredmedia":[{"embeddable":true,"href":"http:\/\/argentinamunicipal.com.ar\/argentina\/wp-json\/wp\/v2\/media\/52484"}],"wp:attachment":[{"href":"http:\/\/argentinamunicipal.com.ar\/argentina\/wp-json\/wp\/v2\/media?parent=52483"}],"wp:term":[{"taxonomy":"category","embeddable":true,"href":"http:\/\/argentinamunicipal.com.ar\/argentina\/wp-json\/wp\/v2\/categories?post=52483"},{"taxonomy":"post_tag","embeddable":true,"href":"http:\/\/argentinamunicipal.com.ar\/argentina\/wp-json\/wp\/v2\/tags?post=52483"}],"curies":[{"name":"wp","href":"https:\/\/api.w.org\/{rel}","templated":true}]}}