{"id":52486,"date":"2016-08-22T04:11:59","date_gmt":"2016-08-22T07:11:59","guid":{"rendered":"http:\/\/argentinamunicipal.com.ar\/argentina\/?p=52486"},"modified":"2016-08-22T08:15:00","modified_gmt":"2016-08-22T11:15:00","slug":"pro-la-preocupacion-los-tarifazos-invento-los-medios-las-encuestas-lo-desmienten","status":"publish","type":"post","link":"http:\/\/argentinamunicipal.com.ar\/argentina\/pro-la-preocupacion-los-tarifazos-invento-los-medios-las-encuestas-lo-desmienten\/","title":{"rendered":"Para el PRO, la preocupaci\u00f3n por los tarifazos es invento de los medios, pero las encuestas lo desmienten"},"content":{"rendered":"<p>A coro, los diputados Eduardo Amadeo y Nicol\u00e1s Massot salieron a instalar que la preocupaci\u00f3n por los tarifazos no existen y acusaron a los medios por haber instalado el tema. Sin embargo, las encuestas muestran lo contrario.<\/p>\n<p>En una reacci\u00f3n que podr\u00eda haber sido esperable del Gobierno anterior y se va haciendo cada vez m\u00e1s habitual en Cambiemos, dos diputados de ese espacio salieron a culpar a los medios por la instalaci\u00f3n del tema \u201ctarifazos\u201d, ya que, aseguraron, no es una \u201cpreocupaci\u00f3n\u201d para la gente.<\/p>\n<p>La evidencia emp\u00edrica de los diputados PRO Eduardo Amadeo y Nicol\u00e1s Massot surge de los timbreos que esa fuerza llev\u00f3 a cabo este fin de semana. \u201cConclusi\u00f3n un\u00e1nime del timbreo: el &#8216;tarifazo&#8217; no es una preocupaci\u00f3n de la gente\u201d, tuite\u00f3 el duhaldista, tras lo cual apunt\u00f3 a \u201clos demagogos varios de la pol\u00edtica y la prensa\u201d.<\/p>\n<p>En el mismo sentido se expres\u00f3 el diputado cordob\u00e9s Nicol\u00e1s Massot: \u201cCuando los temas se instalan tanto medi\u00e1ticamente, la gente empieza a tener la sensaci\u00f3n de que la afecta\u201d, declar\u00f3, en referencia a los tarifazos, que, dijo, \u201cfueron un problema para el 10 o 15 por ciento de la gente\u201d. En el caso de Massot la referencia extra\u00f1a tanto m\u00e1s, ya que su propia familia est\u00e1 vinculada a los medios.<\/p>\n<p>Los dichos del PRO causaron repudio en las redes sociales, pero adem\u00e1s chocan de frente con los datos que surgen de los estudios de opini\u00f3n p\u00fablica que se vienen realizando desde que el Gobierno aprob\u00f3 las resoluciones que habilitaron las brutales subas de las tarifas.<\/p>\n<p>La consultora Circuitos difundi\u00f3 esta semana un estudio basado en casi 800 casos de la Provincia, y fechado entre el 12 y el 15 de agosto, que para el 23,9 por ciento de los encuestados la principal preocupaci\u00f3n son los tarifazos, que se ubican s\u00f3lo por detr\u00e1s de la inflaci\u00f3n -un fen\u00f3meno asociado-, la principal preocupaci\u00f3n para el 31.2 por ciento de la muestra.<\/p>\n<p>Existen datos que demuestran que la preocupaci\u00f3n no surge de un proceso de instalaci\u00f3n por parte de los medios. Ya en mayo, cuando la noticia de los tarifazos estaba fresca, la consultora Pregunta Abierta, relev\u00f3, en una muestra de 400 casos situados en el Gran Buenos Aires, que el 50 por ciento de los consultados calific\u00f3 de \u201cexcesivos e injustificables\u201d los aumentos de las tarifas impulsados por el Gobierno.<\/p>\n<h6>Fuente: InfoCielo<\/h6>\n","protected":false},"excerpt":{"rendered":"<p>A coro, los diputados Eduardo Amadeo y Nicol\u00e1s Massot salieron a instalar que la preocupaci\u00f3n por los tarifazos no existen y acusaron a los medios por haber instalado el tema. Sin embargo, las encuestas muestran lo contrario.<\/p>\n","protected":false},"author":2,"featured_media":52487,"comment_status":"closed","ping_status":"closed","sticky":false,"template":"","format":"standard","meta":{"footnotes":""},"categories":[8],"tags":[21],"class_list":["post-52486","post","type-post","status-publish","format-standard","has-post-thumbnail","hentry","category-informe-nacional","tag-argentina"],"_links":{"self":[{"href":"http:\/\/argentinamunicipal.com.ar\/argentina\/wp-json\/wp\/v2\/posts\/52486","targetHints":{"allow":["GET"]}}],"collection":[{"href":"http:\/\/argentinamunicipal.com.ar\/argentina\/wp-json\/wp\/v2\/posts"}],"about":[{"href":"http:\/\/argentinamunicipal.com.ar\/argentina\/wp-json\/wp\/v2\/types\/post"}],"author":[{"embeddable":true,"href":"http:\/\/argentinamunicipal.com.ar\/argentina\/wp-json\/wp\/v2\/users\/2"}],"replies":[{"embeddable":true,"href":"http:\/\/argentinamunicipal.com.ar\/argentina\/wp-json\/wp\/v2\/comments?post=52486"}],"version-history":[{"count":0,"href":"http:\/\/argentinamunicipal.com.ar\/argentina\/wp-json\/wp\/v2\/posts\/52486\/revisions"}],"wp:featuredmedia":[{"embeddable":true,"href":"http:\/\/argentinamunicipal.com.ar\/argentina\/wp-json\/wp\/v2\/media\/52487"}],"wp:attachment":[{"href":"http:\/\/argentinamunicipal.com.ar\/argentina\/wp-json\/wp\/v2\/media?parent=52486"}],"wp:term":[{"taxonomy":"category","embeddable":true,"href":"http:\/\/argentinamunicipal.com.ar\/argentina\/wp-json\/wp\/v2\/categories?post=52486"},{"taxonomy":"post_tag","embeddable":true,"href":"http:\/\/argentinamunicipal.com.ar\/argentina\/wp-json\/wp\/v2\/tags?post=52486"}],"curies":[{"name":"wp","href":"https:\/\/api.w.org\/{rel}","templated":true}]}}