{"id":52495,"date":"2016-08-22T05:32:12","date_gmt":"2016-08-22T08:32:12","guid":{"rendered":"http:\/\/argentinamunicipal.com.ar\/argentina\/?p=52495"},"modified":"2016-08-22T08:35:07","modified_gmt":"2016-08-22T11:35:07","slug":"santo-tome-planifica-construir-terminal-omnibus","status":"publish","type":"post","link":"http:\/\/argentinamunicipal.com.ar\/argentina\/santo-tome-planifica-construir-terminal-omnibus\/","title":{"rendered":"Santo Tom\u00e9 planifica construir su propia terminal de \u00f3mnibus"},"content":{"rendered":"<p>Hace unas semanas ingres\u00f3 al Concejo de esa ciudad el proyecto del edil justicialista y exintendente Roberto Schmidhalter, que ahora se trata en comisiones. Se instalar\u00eda en el predio de la exf\u00e1brica Marconetti, ubicado en el cruce de la ruta N\u00ba 19 y calle Buenos Aires<\/p>\n<p>En la ciudad de Santo Tom\u00e9, los usuarios del transporte de larga y media distancia no cuentan con un espacio f\u00edsico adecuado al momento de tener que emprender un viaje. A pesar de que el espacio conocido por los santotomesinos como El Parador, tiene su historia y sello personal, no brinda las comodidades necesarias para los viajeros, ya que solo se trata de una garita de grandes dimensiones, con un par de bancos y un techo.<br \/>\nAnte el contexto antes descripto los usuarios del transporte est\u00e1n obligados a padecer las bajas temperaturas durante el invierno y a soportar las consecuencias del calor, en verano. En el transcurso de la espera que deban afrontar, los usuarios no cuentan con los servicios m\u00ednimos como sanitarios, por ejemplo. En muchas ocasiones esto \u00faltimo tambi\u00e9n gener\u00f3 malestar a los vecinos del lugar, ya que en reiteradas ocasiones debieron padecer el hecho de que algunas personas utilicen las veredas de sus hogares como ba\u00f1o p\u00fablico.<br \/>\nEn sinton\u00eda con esto, hay que agregar el hecho de que las unidades de transporte que deben parar en ese lugar provocan trastornos en el tr\u00e1nsito. Su ubicaci\u00f3n es la misma trampa, ya que se encuentra sobre la avenida 7 de Marzo y Pasaje G\u00fcemes a escasos metros de la intersecci\u00f3n de la arteria con la avenida Luj\u00e1n, donde el tr\u00e1nsito es intenso a toda hora del d\u00eda.<br \/>\n\u00abHace muchos a\u00f1os que tenemos el parador e inconvenientes muy importantes sobre la ubicaci\u00f3n, no brinda ning\u00fan servicio solamente hay un techo, no tenemos sanitarios\u00bb, explic\u00f3 el concejal Roberto Schmidhalter (Partido Justicialista), autor del proyecto que ahora est\u00e1 siendo evaluado por los pares en comisi\u00f3n.<br \/>\n\u00abVimos hoy en d\u00eda la necesidad imperiosa que tiene Santo Tom\u00e9 \u2013destac\u00f3 Schmidhalter\u2013 con casi 80 mil habitantes en donde los usuarios del transporte son muchos y no tenemos un lugar con la seguridad ni los servicios que puedan ser m\u00ednimos\u00bb.<\/p>\n<p><strong>An\u00e1lisis de situaci\u00f3n<\/strong><br \/>\nEn los \u00faltimos a\u00f1os la ciudad registr\u00f3 un importante crecimiento, extendi\u00e9ndose tanto en el norte como sur de la misma. En esa sinton\u00eda, el edil explic\u00f3 que al tomar como referencia la zona centro de Santo Tom\u00e9 esta se encuentra a la altura de la calle Hernandarias, la cual conecta con la ruta 19.<br \/>\nEn coincidencia con esta zona estrat\u00e9gica se encuentra el predio donde tiempos atr\u00e1s funcionaba la exf\u00e1brica de aceite Marconetti. A pesar de que el edificio est\u00e1 muy deteriorado, seg\u00fan explic\u00f3 el concejal, el espacio fue calificado como \u00aboportuno\u00bb para instalar una nueva terminal de \u00f3mnibus.<br \/>\n\u00abS\u00e9 que a nivel del Ejecutivo estuvieron trabajando sobre un posible loteo en esa zona que beneficiar\u00eda realmente al sector \u00ab, manifest\u00f3 Schmidhalter. Punto y seguido no tard\u00f3 en destacar que propusieron que dentro de ese loteo se otorgue un espacio para la construcci\u00f3n de un nuevo parador para usuarios del transporte de larga distancia: \u00abTiene que ver justamente con la ubicaci\u00f3n, ya que la ruta 19 es un lugar ideal para que pueda ingresar el colectivo a la nueva terminal de acuerdo a la planificaci\u00f3n y proyecci\u00f3n a futuro y no tengamos inconvenientes en accidentes\u00bb.<br \/>\nEn esa l\u00ednea, agreg\u00f3 la oportunidad que esta iniciativa significar\u00eda para los emprendedores locales, ya que estos podr\u00edan ubicarse en los locales que se podr\u00edan construir. \u00abHay mucha gente que vive de la actividad. Adem\u00e1s generar\u00eda un movimiento econ\u00f3mico importante en una zona que por el momento est\u00e1 muy degradada\u00bb, manifest\u00f3 el consultado en tanto que, por \u00faltimo, valor\u00f3 el aspecto est\u00e9tico que la instalaci\u00f3n generar\u00eda en la entrada de la ciudad.<br \/>\nEn aspectos generales la instalaci\u00f3n de una terminal sobre la ruta 19 y calle Buenos Aires redundar\u00eda en importantes beneficios para el tr\u00e1nsito de la ciudad, en primera instancia colaborar\u00eda en descentralizar el volumen de circulaci\u00f3n en las avenidas principales; eliminar\u00eda el problema que genera el estacionamiento de los colectivos en la avenida 7 de Marzo al momento de levantar el pasaje y facilitar\u00eda el hecho de que el usuario mientras espera pueda estar c\u00f3modo y cuente con un lugar adecuado, seguro, con servicios.<br \/>\n\u00abSer\u00eda algo sumamente importante\u00bb, valor\u00f3 el autor de la iniciativa quien aclar\u00f3 que el proyecto est\u00e1 siendo analizado en comisiones. A pesar de que a\u00fan resta dar pasos para que se apruebe, Schmidhalter no dud\u00f3 en asegurar que el mismo podr\u00eda recibir el visto bueno de los dem\u00e1s integrantes del recinto.<br \/>\n\u00abEsto en definitiva redundar\u00eda en el beneficio de todos los ciudadanos y esa es la intenci\u00f3n que uno tiene, el objetivo que uno se traza, que Santo Tom\u00e9 se pueda desarrollar urban\u00edstica mente\u00bb, destac\u00f3 el actual concejal y exintendente. En esa l\u00ednea valor\u00f3 la posibilidad de trabajar a futuro dentro de un plan estrat\u00e9gico de ciudad para que Santo Tom\u00e9 no sea tenida solo como \u00abel dormidero de Santa Fe\u00bb.<br \/>\n\u00abM\u00e1s hoy en d\u00eda cuando se habla mucho de \u00e1reas metropolitanas, esto ser\u00eda sumamente importante\u00bb, finaliz\u00f3 el concejal santotomesino.<br \/>\nEn caso de que la iniciativa sea aprobada por el Concejo Municipal en las pr\u00f3ximas semanas, Roberto Schmidhalter adelant\u00f3 que est\u00e1 abierta la posibilidad para que se lleve a cabo un concurso entre los santotomesinos para que presenten el desarrollo de un parador, que sea \u00fatil y seguro para todos los usuarios.<\/p>\n<h6>Fuente: Uno Santa Fe<\/h6>\n","protected":false},"excerpt":{"rendered":"<p>Hace unas semanas ingres\u00f3 al Concejo de esa ciudad el proyecto del edil justicialista y exintendente Roberto Schmidhalter, que ahora se trata en comisiones. Se instalar\u00eda en el predio de la exf\u00e1brica Marconetti<\/p>\n","protected":false},"author":2,"featured_media":52496,"comment_status":"closed","ping_status":"closed","sticky":false,"template":"","format":"standard","meta":{"footnotes":""},"categories":[2],"tags":[10],"class_list":["post-52495","post","type-post","status-publish","format-standard","has-post-thumbnail","hentry","category-informe-municipal","tag-santa-fe"],"_links":{"self":[{"href":"http:\/\/argentinamunicipal.com.ar\/argentina\/wp-json\/wp\/v2\/posts\/52495","targetHints":{"allow":["GET"]}}],"collection":[{"href":"http:\/\/argentinamunicipal.com.ar\/argentina\/wp-json\/wp\/v2\/posts"}],"about":[{"href":"http:\/\/argentinamunicipal.com.ar\/argentina\/wp-json\/wp\/v2\/types\/post"}],"author":[{"embeddable":true,"href":"http:\/\/argentinamunicipal.com.ar\/argentina\/wp-json\/wp\/v2\/users\/2"}],"replies":[{"embeddable":true,"href":"http:\/\/argentinamunicipal.com.ar\/argentina\/wp-json\/wp\/v2\/comments?post=52495"}],"version-history":[{"count":0,"href":"http:\/\/argentinamunicipal.com.ar\/argentina\/wp-json\/wp\/v2\/posts\/52495\/revisions"}],"wp:featuredmedia":[{"embeddable":true,"href":"http:\/\/argentinamunicipal.com.ar\/argentina\/wp-json\/wp\/v2\/media\/52496"}],"wp:attachment":[{"href":"http:\/\/argentinamunicipal.com.ar\/argentina\/wp-json\/wp\/v2\/media?parent=52495"}],"wp:term":[{"taxonomy":"category","embeddable":true,"href":"http:\/\/argentinamunicipal.com.ar\/argentina\/wp-json\/wp\/v2\/categories?post=52495"},{"taxonomy":"post_tag","embeddable":true,"href":"http:\/\/argentinamunicipal.com.ar\/argentina\/wp-json\/wp\/v2\/tags?post=52495"}],"curies":[{"name":"wp","href":"https:\/\/api.w.org\/{rel}","templated":true}]}}