{"id":52498,"date":"2016-08-22T06:35:36","date_gmt":"2016-08-22T09:35:36","guid":{"rendered":"http:\/\/argentinamunicipal.com.ar\/argentina\/?p=52498"},"modified":"2016-08-22T08:38:32","modified_gmt":"2016-08-22T11:38:32","slug":"tierra-del-fuego-presente-primer-consejo-federal-indigena","status":"publish","type":"post","link":"http:\/\/argentinamunicipal.com.ar\/argentina\/tierra-del-fuego-presente-primer-consejo-federal-indigena\/","title":{"rendered":"Tierra del Fuego presente en el primer Consejo Federal Ind\u00edgena"},"content":{"rendered":"<p>La directora Provincial de Asuntos Ind\u00edgenas Ver\u00f3nica Peralta, particip\u00f3 junto a representantes de todo el pa\u00eds del Primer Consejo Federal Ind\u00edgena que se llev\u00f3 a cabo en Buenos Aires en la ex ESMA, y tuvo como objetivo trabajar sobre diversas cuestiones relativas al desarrollo de los pueblos que habitan nuestro territorio.<\/p>\n<p>La Directora evalu\u00f3 el encuentro como \u00abmuy positivo\u00bb, ya que \u00abpudimos aprovechar para interiorizarnos de los programas y proyectos de distintos ministerios nacionales como Educaci\u00f3n, Obras y Servicios P\u00fablicos , Agronom\u00eda , H\u00e1bitat y Desarrollo Humano\u00bb. Peralta se\u00f1al\u00f3 que \u201ccreemos que el trabajo en conjunto es clave para mejorar la calidad de vida y fomentar el desarrollo cultural, social y econ\u00f3mico de los pueblos originarios\u00bb.<\/p>\n<p>La funcionaria detall\u00f3 que en el caso del Ministerio de Educaci\u00f3n \u00abya hemos iniciado el trabajo articulado y se han podido tramitar las partidas correspondientes a becas para estudiantes de nivel primario y secundario\u00bb, sin embargo \u00aben nuestra provincia hay otras necesidades como energ\u00eda, caminos e infraestructura que son los desaf\u00edos que iremos trabajando\u00bb.<\/p>\n<p>El encuentro fue el primer consejo federal referido a este tema, y estuvo organizado por el Instituto Nacional Ind\u00edgena que depende del Ministerio de Desarrollo Social de Naci\u00f3n.\u00bbEsperamos que se sigan realizando estos encuentros para que cada gobierno potencie el trabajo que viene realizando en su territorio\u00bb concluy\u00f3 la funcionaria.<\/p>\n<h6>Fuente: Reporte austral<\/h6>\n","protected":false},"excerpt":{"rendered":"<p>La directora Provincial de Asuntos Ind\u00edgenas Ver\u00f3nica Peralta, particip\u00f3 junto a representantes de todo el pa\u00eds del Primer Consejo Federal Ind\u00edgena que se llev\u00f3 a cabo en Buenos Aires en la ex ESMA<\/p>\n","protected":false},"author":2,"featured_media":52499,"comment_status":"closed","ping_status":"closed","sticky":false,"template":"","format":"standard","meta":{"footnotes":""},"categories":[65],"tags":[34],"class_list":["post-52498","post","type-post","status-publish","format-standard","has-post-thumbnail","hentry","category-provincias","tag-tierra-del-fuego"],"_links":{"self":[{"href":"http:\/\/argentinamunicipal.com.ar\/argentina\/wp-json\/wp\/v2\/posts\/52498","targetHints":{"allow":["GET"]}}],"collection":[{"href":"http:\/\/argentinamunicipal.com.ar\/argentina\/wp-json\/wp\/v2\/posts"}],"about":[{"href":"http:\/\/argentinamunicipal.com.ar\/argentina\/wp-json\/wp\/v2\/types\/post"}],"author":[{"embeddable":true,"href":"http:\/\/argentinamunicipal.com.ar\/argentina\/wp-json\/wp\/v2\/users\/2"}],"replies":[{"embeddable":true,"href":"http:\/\/argentinamunicipal.com.ar\/argentina\/wp-json\/wp\/v2\/comments?post=52498"}],"version-history":[{"count":0,"href":"http:\/\/argentinamunicipal.com.ar\/argentina\/wp-json\/wp\/v2\/posts\/52498\/revisions"}],"wp:featuredmedia":[{"embeddable":true,"href":"http:\/\/argentinamunicipal.com.ar\/argentina\/wp-json\/wp\/v2\/media\/52499"}],"wp:attachment":[{"href":"http:\/\/argentinamunicipal.com.ar\/argentina\/wp-json\/wp\/v2\/media?parent=52498"}],"wp:term":[{"taxonomy":"category","embeddable":true,"href":"http:\/\/argentinamunicipal.com.ar\/argentina\/wp-json\/wp\/v2\/categories?post=52498"},{"taxonomy":"post_tag","embeddable":true,"href":"http:\/\/argentinamunicipal.com.ar\/argentina\/wp-json\/wp\/v2\/tags?post=52498"}],"curies":[{"name":"wp","href":"https:\/\/api.w.org\/{rel}","templated":true}]}}