{"id":52504,"date":"2016-08-22T05:41:15","date_gmt":"2016-08-22T08:41:15","guid":{"rendered":"http:\/\/argentinamunicipal.com.ar\/argentina\/?p=52504"},"modified":"2016-08-22T08:43:28","modified_gmt":"2016-08-22T11:43:28","slug":"catamarca-comercio-cayo-40","status":"publish","type":"post","link":"http:\/\/argentinamunicipal.com.ar\/argentina\/catamarca-comercio-cayo-40\/","title":{"rendered":"En Catamarca, el comercio cay\u00f3 hasta un 40%"},"content":{"rendered":"<p>Como a otros sectores productivos, el incremento en las tarifas y la ca\u00edda en las ventas son los principales problemas.<\/p>\n<p>Como otros sectores productivos, el comercio en la Provincia tambi\u00e9n se encuentra en una dif\u00edcil situaci\u00f3n. Desde la Confederaci\u00f3n Argentina de la Mediana Empresa (CAME), indicaron que en Catamarca cay\u00f3 hasta un 40% con relaci\u00f3n al a\u00f1o pasado.<\/p>\n<p>De acuerdo con lo que explicaron, y como ocurre en los otros sectores, el incremento en las tarifas y la ca\u00edda en las ventas fueron los principales factores para la crisis que, seg\u00fan estiman, podr\u00eda empeorar en los pr\u00f3ximos meses.<br \/>\nEn di\u00e1logo con El Ancasti, el referente de CAME en la Provincia, C\u00e9sar Mohaded, indic\u00f3 que el comercio se encuentra en una fuerte recesi\u00f3n. As\u00ed destac\u00f3 que \u00abdependiendo el rubro, es el nivel de impacto de la crisis\u00bb.<br \/>\n\u00abSi bien la crisis afect\u00f3 a todo el comercio en general, dependiendo el rubro, hay sector que est\u00e1n mucho m\u00e1s complicados que otros\u00bb, manifest\u00f3.<\/p>\n<p>Sobre esto, sostuvo que la ca\u00edda en las ventas en la Provincia va desde un 10 hasta un 40% con relaci\u00f3n a la situaci\u00f3n del a\u00f1o pasado. El sector que m\u00e1s complicado es el de los electrodom\u00e9sticos. As\u00ed tambi\u00e9n, indic\u00f3 que, dependiendo la fecha del a\u00f1o, hay rubros que caen m\u00e1s o que tienen un leve repunte. \u00abPor ejemplo, en este mes, repunta un poco la venta de juguetes por el D\u00eda del Ni\u00f1o\u00bb, consider\u00f3.<\/p>\n<p>Por otra parte, y en cuanto a los factores de la crisis, Mohaded indic\u00f3 que, como a todos los otros sectores productivos, el incremento en las tarifas y las ca\u00eddas en las ventas son el principal problema.<\/p>\n<p>\u00abEl aumento en las tarifas, principalmente del servicio el\u00e9ctrico, golpe\u00f3 mucho al sector, que no puede trasladar este gasto a los precios porque las ventas ya est\u00e1n comprometidas\u00bb, sostuvo, a lo que agreg\u00f3 que la situaci\u00f3n aspira a empeorar en los pr\u00f3ximos meses.<\/p>\n<p>Finalmente, coment\u00f3 que en el comercio catamarque\u00f1o falta una mentalidad gremial empresarial para plantear los problemas en forma conjunta.<\/p>\n<p><strong>An\u00e1lisis a nivel nacional<\/strong><br \/>\nEl mes pasado, la CAME a nivel nacional emiti\u00f3 un informe donde se\u00f1alaba que las ventas en los comercios minoristas bajaron 9,8% en junio frente a igual mes del a\u00f1o pasado. Es as\u00ed que se registr\u00f3 el sexto mes consecutivo de retracci\u00f3n en las ventas, donde los comercios con poco margen de liquidez, debieron afrontar las fuertes subas en los costos de la actividad.<\/p>\n<p>Por rubro, hab\u00eda planteado que las ca\u00eddas anuales m\u00e1s pronunciadas en el mes ocurrieron en: Electrodom\u00e9sticos y art\u00edculos electr\u00f3nicos (-19,2%), Bijouterie (-14,7%), Materiales para la construcci\u00f3n (-13,6%) y Ferreter\u00edas (-13,2%).<br \/>\nFinalmente, la CAME indicaba que con el resultado de junio las ventas minoristas medidas en cantidades registraron una ca\u00edda promedio interanual de 6,4% en el primer semestre del a\u00f1o. \u00abEl consumidor volvi\u00f3 a controlar con meticulosidad su presupuesto, evitando compras innecesarias y tratando de encontrar los mejores precios y las ofertas m\u00e1s convenientes del mercado\u00bb, planteaba.<\/p>\n<h6>Fuente: El Ancasti<\/h6>\n","protected":false},"excerpt":{"rendered":"<p>Como a otros sectores productivos, el incremento en las tarifas y la ca\u00edda en las ventas son los principales problemas.<\/p>\n","protected":false},"author":2,"featured_media":52505,"comment_status":"closed","ping_status":"closed","sticky":false,"template":"","format":"standard","meta":{"footnotes":""},"categories":[65],"tags":[16],"class_list":["post-52504","post","type-post","status-publish","format-standard","has-post-thumbnail","hentry","category-provincias","tag-catamarca"],"_links":{"self":[{"href":"http:\/\/argentinamunicipal.com.ar\/argentina\/wp-json\/wp\/v2\/posts\/52504","targetHints":{"allow":["GET"]}}],"collection":[{"href":"http:\/\/argentinamunicipal.com.ar\/argentina\/wp-json\/wp\/v2\/posts"}],"about":[{"href":"http:\/\/argentinamunicipal.com.ar\/argentina\/wp-json\/wp\/v2\/types\/post"}],"author":[{"embeddable":true,"href":"http:\/\/argentinamunicipal.com.ar\/argentina\/wp-json\/wp\/v2\/users\/2"}],"replies":[{"embeddable":true,"href":"http:\/\/argentinamunicipal.com.ar\/argentina\/wp-json\/wp\/v2\/comments?post=52504"}],"version-history":[{"count":0,"href":"http:\/\/argentinamunicipal.com.ar\/argentina\/wp-json\/wp\/v2\/posts\/52504\/revisions"}],"wp:featuredmedia":[{"embeddable":true,"href":"http:\/\/argentinamunicipal.com.ar\/argentina\/wp-json\/wp\/v2\/media\/52505"}],"wp:attachment":[{"href":"http:\/\/argentinamunicipal.com.ar\/argentina\/wp-json\/wp\/v2\/media?parent=52504"}],"wp:term":[{"taxonomy":"category","embeddable":true,"href":"http:\/\/argentinamunicipal.com.ar\/argentina\/wp-json\/wp\/v2\/categories?post=52504"},{"taxonomy":"post_tag","embeddable":true,"href":"http:\/\/argentinamunicipal.com.ar\/argentina\/wp-json\/wp\/v2\/tags?post=52504"}],"curies":[{"name":"wp","href":"https:\/\/api.w.org\/{rel}","templated":true}]}}