{"id":52517,"date":"2016-08-23T07:07:17","date_gmt":"2016-08-23T10:07:17","guid":{"rendered":"http:\/\/argentinamunicipal.com.ar\/argentina\/?p=52517"},"modified":"2016-08-23T07:07:17","modified_gmt":"2016-08-23T10:07:17","slug":"la-cgt-se-reunifico-pidio-cambios-la-politica-economica-no-lanzo-paro","status":"publish","type":"post","link":"http:\/\/argentinamunicipal.com.ar\/argentina\/la-cgt-se-reunifico-pidio-cambios-la-politica-economica-no-lanzo-paro\/","title":{"rendered":"La CGT se reunific\u00f3 y pidi\u00f3 cambios en la pol\u00edtica econ\u00f3mica, pero no lanz\u00f3 un paro"},"content":{"rendered":"<p>En un congreso con m\u00e1s de 1.500 delegados, se consagr\u00f3 el triunvirato que conducir\u00e1 la central: Schmid, Acu\u00f1a y Daer. Hubo disidencias.<\/p>\n<p>Luego de 12 a\u00f1os la CGT volvi\u00f3 a unificarse con tres referentes colegiados como secretarios generales: Carlos Acu\u00f1a (Estaciones de Servicio), H\u00e9ctor Daer (Sanidad) y Juan Carlos Schmid (Dragado y Balizamiento). Un congreso con m\u00e1s de 1.500 delegados concret\u00f3 sin sobresaltos, y sin sorpresas, una decisi\u00f3n que ya estaba tomada con bastante anterioridad, luego de meses de acercamientos y acuerdos. La nueva CGT se pronunci\u00f3 de manera cr\u00edtica sobre las pol\u00edticas econ\u00f3micas del gobierno nacional, aunque evit\u00f3 tomar definiciones respecto de posibles medidas de protesta.<\/p>\n<p>\u00abEstamos en una etapa de viraje hacia la derecha, que va en busca de nuestras conquistas como trabajadores\u00bb, caracteriz\u00f3 Schmid en el discurso m\u00e1s conceptual de la tarde. Y agreg\u00f3, \u00abtenemos una gran responsabilidad como CGT\u00bb. El rosarino plante\u00f3, como novedad, que la central de trabajadores debe acercarse a los movimientos sociales de desocupados, de los precarizados, \u00abel c\u00edrculo maldito\u00bb. Y remat\u00f3 con una menci\u00f3n a la memoria de Felipe Vallese, \u00abel primer desaparecido\u00bb, que fuera miembro de la JP, trabajador metal\u00fargico y secuestrado el 23 de agosto de 1962, hace 44 a\u00f1os.<\/p>\n<p>\u00abAlguna cosa\u00bb, \u00abevaluar medidas\u00bb, \u00abponernos firmes\u00bb; fueron expresiones elegidas por el nuevo triunvirato directivo de la CGT para evitar decir la palabra prohibida: paro. Tampoco nadie mencion\u00f3 al presidente de la Naci\u00f3n por su nombre, con excepci\u00f3n de dos oradores de un sector minoritario de congresales que se retir\u00f3 del recinto de Obras Sanitarias a poco de iniciadas las deliberaciones. Por lo dem\u00e1s, y aunque los integrantes del nuevo triunvirato le resten toda relevancia, dos de sus miembros (Acu\u00f1a y Daer) forman parte de la misma organizaci\u00f3n pol\u00edtica -no \u00abjusticialista\u00bb-, el Frente Renovador (FR). Siendo uno de ellos, el representante del sindicato de la Sanidad, el primer Secretario general de la central obrera en la historia argentina que adem\u00e1s comparte tareas con la de diputado nacional (FR).<\/p>\n<p>Juan Carlos Schmid \u2014tercer miembro del triunvirato- no pertenece a esa fuerza pol\u00edtica, aunque resulta notorio, se trata del hombre de m\u00e1xima confianza de Hugo Moyano, a su vez, el padre del tambi\u00e9n diputado nacional por el FR, Facundo Moyano.<\/p>\n<p>En los pr\u00f3ximos d\u00edas llegar\u00e1 el primer \u00abconsejo directivo\u00bb, la reuni\u00f3n del casi medio centenar de dirigentes que conforman la nueva conducci\u00f3n. All\u00ed se resolver\u00e1 apurar el pedido de una reuni\u00f3n con el primer nivel de la Casa Rosada \u00abpara llevar los planteos por la gran preocupaci\u00f3n que tenemos en el movimiento obrero\u00bb. La nueva conducci\u00f3n imagina una secuencia: el gobierno los recibe, no concede o concede muy poco, las bases presionan, los despidos avanzan, los salarios pierden valor, y \u00abantes de fin de a\u00f1o le clavamos un paro\u00bb, murmur\u00f3 ayer durante uno de los largos cuartos intermedios -tal vez para que lo escuche la prensa- uno de los tres miembros del triunviro electo.<\/p>\n<p>El congreso cegetista dur\u00f3 cerca de ocho horas; pero curiosamente los delegados pr\u00e1cticamente no hicieron uso de la palabra. Casi todo el tiempo se lo llev\u00f3 el tr\u00e1mite reglamentario, y luego una lenta votaci\u00f3n por la lista \u00fanica consensuada. La excepci\u00f3n fueron dos cortos discursos disidentes de Sergio Palazzo (Bancarios) y Marisa Carrizo (Fatpren) que mocionaron se ampl\u00ede el triunvirato a por lo menos cuatro miembros, y que el Congreso defina una medida de fuerza contra \u00abla pol\u00edtica econ\u00f3mica neoliberal de (Mauricio) Macri\u00bb.<\/p>\n<p>La postura estuvo en minor\u00eda, no fue receptada, y el grupo (\u00abLa Corriente Federal\u00bb) aunque acept\u00f3 el criterio mayoritario, e inform\u00f3 que no se va de la CGT, decidi\u00f3 antes del mediod\u00eda retirar a sus congresistas del m\u00edtico estadio en el barrio de N\u00fa\u00f1ez, de la Capital Federal.<\/p>\n<p>Para el diputado y ahora miembro de la m\u00e1xima conducci\u00f3n unificada de la CGT, H\u00e9ctor Daer, \u00ablos trabajadores estamos todos de la misma vereda, porque mientras existe el capitalismo estar\u00e1n los due\u00f1os del capital que se llevan la mayor parte de las ganancias, y los trabajadores que nos llevamos la parte menor\u00bb. Luego reconoci\u00f3, sin embargo, que \u00abes cierto que tenemos matices, y que la CGT est\u00e1 abierta a todos, pero no seamos hip\u00f3critas, necesitamos generar nuevos consensos que sinteticen a todo el movimiento obrero\u00bb.<\/p>\n<p>Para Daer, los trabajadores argentinos est\u00e1n sufriendo por \u00abla necedad de este gobierno y sus pol\u00edticas\u00bb. En relaci\u00f3n a una posible \u00abmedida\u00bb (de fuerza) que pueda tomar la Central, el dirigente desliz\u00f3 que deber\u00eda ser en el marco de una \u00abestrategia general del CGT, y mirando a toda la sociedad, los sectores medios, intelectuales, entre otros, adem\u00e1s de los trabajadores\u00bb.<\/p>\n<p>Respecto del sector sindical que mocion\u00f3 se dictamine un paro general, que no encontr\u00f3 apoyo y que luego se retir\u00f3 del Congreso, el Secretario general de sadop Rosario (docentes privados), Mart\u00edn Lucero, congresista ayer en Buenos Aires, explic\u00f3 a este cronista: \u00abLa cuesti\u00f3n era estar o no favor de una medida de fuerza. Los compa\u00f1eros del triunvirato elegido est\u00e1n cercanos al gobierno y prefieren por ahora seguir esperando\u00bb.<\/p>\n<h6>Fuente: La Capital Rosario<\/h6>\n","protected":false},"excerpt":{"rendered":"<p>En un congreso con m\u00e1s de 1.500 delegados, se consagr\u00f3 el triunvirato que conducir\u00e1 la central: Schmid, Acu\u00f1a y Daer. Hubo disidencias.<\/p>\n","protected":false},"author":2,"featured_media":52518,"comment_status":"closed","ping_status":"closed","sticky":false,"template":"","format":"standard","meta":{"footnotes":""},"categories":[8],"tags":[21],"class_list":["post-52517","post","type-post","status-publish","format-standard","has-post-thumbnail","hentry","category-informe-nacional","tag-argentina"],"_links":{"self":[{"href":"http:\/\/argentinamunicipal.com.ar\/argentina\/wp-json\/wp\/v2\/posts\/52517","targetHints":{"allow":["GET"]}}],"collection":[{"href":"http:\/\/argentinamunicipal.com.ar\/argentina\/wp-json\/wp\/v2\/posts"}],"about":[{"href":"http:\/\/argentinamunicipal.com.ar\/argentina\/wp-json\/wp\/v2\/types\/post"}],"author":[{"embeddable":true,"href":"http:\/\/argentinamunicipal.com.ar\/argentina\/wp-json\/wp\/v2\/users\/2"}],"replies":[{"embeddable":true,"href":"http:\/\/argentinamunicipal.com.ar\/argentina\/wp-json\/wp\/v2\/comments?post=52517"}],"version-history":[{"count":0,"href":"http:\/\/argentinamunicipal.com.ar\/argentina\/wp-json\/wp\/v2\/posts\/52517\/revisions"}],"wp:featuredmedia":[{"embeddable":true,"href":"http:\/\/argentinamunicipal.com.ar\/argentina\/wp-json\/wp\/v2\/media\/52518"}],"wp:attachment":[{"href":"http:\/\/argentinamunicipal.com.ar\/argentina\/wp-json\/wp\/v2\/media?parent=52517"}],"wp:term":[{"taxonomy":"category","embeddable":true,"href":"http:\/\/argentinamunicipal.com.ar\/argentina\/wp-json\/wp\/v2\/categories?post=52517"},{"taxonomy":"post_tag","embeddable":true,"href":"http:\/\/argentinamunicipal.com.ar\/argentina\/wp-json\/wp\/v2\/tags?post=52517"}],"curies":[{"name":"wp","href":"https:\/\/api.w.org\/{rel}","templated":true}]}}