{"id":52523,"date":"2016-08-23T07:14:29","date_gmt":"2016-08-23T10:14:29","guid":{"rendered":"http:\/\/argentinamunicipal.com.ar\/argentina\/?p=52523"},"modified":"2016-08-23T07:14:29","modified_gmt":"2016-08-23T10:14:29","slug":"desesperado-reclamo-intendente-ritondo-estamos-atrasados-algunas-promesas","status":"publish","type":"post","link":"http:\/\/argentinamunicipal.com.ar\/argentina\/desesperado-reclamo-intendente-ritondo-estamos-atrasados-algunas-promesas\/","title":{"rendered":"Desesperado reclamo de un intendente para Ritondo: \u201cEstamos muy atrasados con algunas promesas\u201d"},"content":{"rendered":"<p>El intendente de Bah\u00eda Blanca teme que la situaci\u00f3n en su distrito se \u201cdesmadre\u201d y reclam\u00f3 apoyo al Gobierno provincial. \u201cS\u00e9 que en el Conurbano la situaci\u00f3n es complicada pero queremos que tengan en cuenta a Bah\u00eda\u201d, demand\u00f3.<\/p>\n<p>H\u00e9ctor Gay, intendente de Bah\u00eda Blanca, que comparte signo pol\u00edtico \u2013Cambiemos- con la administraci\u00f3n Provincial, llev\u00f3 a cabo un dram\u00e1tico pedido a las autoridades, en especial al ministro de Seguridad, Cristian Ritondo. \u201cSi no se toman medidas urgentes, esto se va a desmadrar\u201d, alert\u00f3.<\/p>\n<p>Gay afirm\u00f3 que est\u00e1 \u201cabsolutamente preocupado\u201d por la inseguridad, tras la muerte de un hombre a las pocas horas de haber sufrido un asalto y blanque\u00f3 su malestar: \u201cEstamos muy atrasados con algunas promesas que ten\u00edamos de parte del \u00e1rea de Seguridad\u201d, agreg\u00f3.<\/p>\n<p>\u00abNecesito un apoyo de Provincia, hoy me van a confirmar que el jueves va a llegar el ministro Ritondo a quien podremos plantearle la problem\u00e1tica. Si no se toman medidas urgentes, esto se va a desmadrar\u201d, insisti\u00f3.<\/p>\n<p>Entre las cuestiones que necesita atender, Gay enumer\u00f3 la falta de chalecos antibalas, de patrulleros y de mejoras en los equipos de comunicaci\u00f3n de la Polic\u00eda. \u00abS\u00e9 que en el Conurbano la situaci\u00f3n es complicada pero queremos que tengan en cuenta a Bah\u00eda\u201d, demand\u00f3: \u201cConsidero que a\u00fan estamos a tiempo de revertir este proceso, aqu\u00ed a\u00fan hay retorno y debemos ponernos a trabajar en firme para no transformarnos en Mar del Plata o La Matanza\u00bb, remat\u00f3.<\/p>\n<h6>Fuente: InfoCielo<\/h6>\n","protected":false},"excerpt":{"rendered":"<p>El intendente de Bah\u00eda Blanca teme que la situaci\u00f3n en su distrito se \u201cdesmadre\u201d y reclam\u00f3 apoyo al Gobierno provincial. <\/p>\n","protected":false},"author":2,"featured_media":52524,"comment_status":"closed","ping_status":"closed","sticky":false,"template":"","format":"standard","meta":{"footnotes":""},"categories":[4],"tags":[12],"class_list":["post-52523","post","type-post","status-publish","format-standard","has-post-thumbnail","hentry","category-informe-politico","tag-buenos-aires"],"_links":{"self":[{"href":"http:\/\/argentinamunicipal.com.ar\/argentina\/wp-json\/wp\/v2\/posts\/52523","targetHints":{"allow":["GET"]}}],"collection":[{"href":"http:\/\/argentinamunicipal.com.ar\/argentina\/wp-json\/wp\/v2\/posts"}],"about":[{"href":"http:\/\/argentinamunicipal.com.ar\/argentina\/wp-json\/wp\/v2\/types\/post"}],"author":[{"embeddable":true,"href":"http:\/\/argentinamunicipal.com.ar\/argentina\/wp-json\/wp\/v2\/users\/2"}],"replies":[{"embeddable":true,"href":"http:\/\/argentinamunicipal.com.ar\/argentina\/wp-json\/wp\/v2\/comments?post=52523"}],"version-history":[{"count":0,"href":"http:\/\/argentinamunicipal.com.ar\/argentina\/wp-json\/wp\/v2\/posts\/52523\/revisions"}],"wp:featuredmedia":[{"embeddable":true,"href":"http:\/\/argentinamunicipal.com.ar\/argentina\/wp-json\/wp\/v2\/media\/52524"}],"wp:attachment":[{"href":"http:\/\/argentinamunicipal.com.ar\/argentina\/wp-json\/wp\/v2\/media?parent=52523"}],"wp:term":[{"taxonomy":"category","embeddable":true,"href":"http:\/\/argentinamunicipal.com.ar\/argentina\/wp-json\/wp\/v2\/categories?post=52523"},{"taxonomy":"post_tag","embeddable":true,"href":"http:\/\/argentinamunicipal.com.ar\/argentina\/wp-json\/wp\/v2\/tags?post=52523"}],"curies":[{"name":"wp","href":"https:\/\/api.w.org\/{rel}","templated":true}]}}