{"id":52538,"date":"2016-08-23T05:28:35","date_gmt":"2016-08-23T08:28:35","guid":{"rendered":"http:\/\/argentinamunicipal.com.ar\/argentina\/?p=52538"},"modified":"2016-08-23T07:31:11","modified_gmt":"2016-08-23T10:31:11","slug":"reunion-la-conformacion-del-area-metropolitana-gran-santa-fe","status":"publish","type":"post","link":"http:\/\/argentinamunicipal.com.ar\/argentina\/reunion-la-conformacion-del-area-metropolitana-gran-santa-fe\/","title":{"rendered":"Reuni\u00f3n para la conformaci\u00f3n del \u00c1rea Metropolitana Gran Santa Fe"},"content":{"rendered":"<p>Se realiz\u00f3 este primer encuentro que tiene como objetivo articular las localidades de la regi\u00f3n para\u00a0potenciar un desarrollo econ\u00f3mico y social de modo integrado.<\/p>\n<p>El Centro de Convenciones Estaci\u00f3n Belgrano fue escenario del primer encuentro entre autoridades municipales y provinciales que tiene como objetivo avanzar con\u00a0la constituci\u00f3n del \u00c1rea Metropolitana del Gran Santa Fe. La reuni\u00f3n estuvo encabezada por Miguel\u00a0Lifschitz y Jos\u00e9 Corral y cont\u00f3 con la participaci\u00f3n de intendentes y jefes comunales de\u00a0las ciudades de Santo Tom\u00e9, Recreo, Esperanza, Laguna Paiva y Rinc\u00f3n, y de las comunas de Monte Vera, Arroyo Aguiar, Arroyo Leyes, Cabal, Campo Andino, Candioti, Emilia, Llambi Campbell, Franck, Nelson, San Agust\u00edn y Sauce Viejo.<\/p>\n<p>El objetivo de esta iniciativa es que las localidades que integran el Ente de Coordinaci\u00f3n de \u00c1reas Metropolitanas trabajen de manera articulada en pos de generar mecanismos de co-gesti\u00f3n con vistas a potenciar un desarrollo econ\u00f3mico y social de modo integrado y equilibrado para todas las localidades de la micro-regi\u00f3n.<\/p>\n<p>Durante la jornada, cada localidad aprovech\u00f3 la oportunidad para plantear diferentes temas en vistas de delinear una agenda com\u00fan sobre los temas a trabajar en conjunto, entre los que sobresalieron la conformaci\u00f3n de parques industriales; la potenciaci\u00f3n del cord\u00f3n frutihort\u00edcola; el abordaje de cuestiones ambientales para el tratamiento y disposici\u00f3n de los residuos s\u00f3lidos urbanos; favorecer la conectividad y desarrollo del transporte; y la prevenci\u00f3n de crecidas e inundaciones.<\/p>\n<p><strong>Declaraciones<\/strong><\/p>\n<p>Al momento de tomar la palabra el gobernador\u00a0Lifschitz manifest\u00f3:\u00a0\u201cAgradezco al intendente Corral la invitaci\u00f3n a esta primera convocatoria para constituir el Ente de Coordinaci\u00f3n Metropolitana del \u00c1rea de Santa Fe, del departamento La Capital y departamentos vecinos\u201d. Luego,\u00a0afirm\u00f3 que \u201clo nuestro es acompa\u00f1ar la iniciativa\u201d, porque \u201cel protagonismo y las decisiones son del \u00e1mbito local. As\u00ed lo hemos pensado siempre, as\u00ed que celebro esta reuni\u00f3n y la posibilidad de empezar a trazar un camino en el departamento, en la regi\u00f3n de Santa Fe\u201d.<\/p>\n<p>\u201cUna de las caracter\u00edsticas de las \u00e1reas metropolitanas es que no reconocen l\u00edmites jurisdiccionales, porque tienen que ver con el territorio y la manera en que las personas y las comunidades se han ido asentando en el lugar y con los v\u00ednculos comerciales entre ellas\u201d, precis\u00f3.<\/p>\n<p>\u201cLos gobiernos locales tienen las dificultades de los l\u00edmites jurisdiccionales para solucionar muchos de sus problemas, ya que muchos no reconocen de l\u00edmites, como ser los inconvenientes hidr\u00e1ulicos, ambientales, de transporte, los desarrollos econ\u00f3micos e industriales\u201d, ejemplific\u00f3 Lifschitz.<\/p>\n<p>\u201cPor esto, siempre entendimos que reconocer la existencia de estas regiones metropolitanas y darle una organizaci\u00f3n, un espacio de coordinaci\u00f3n y articulaci\u00f3n era muy importante\u201d, destac\u00f3, al tiempo que record\u00f3 su experiencia como secretario General de la Municipalidad de Rosario y en la elaboraci\u00f3n de su Plan Estrat\u00e9gico, ya que \u201ca poco de andar y empezar a hacer un diagn\u00f3stico nos dimos cuenta que tambi\u00e9n ten\u00edamos que mirar lo que pasaba en las ciudades vecinas y las interacciones, y que las grandes obras de infraestructura no eran de car\u00e1cter local sino regional\u201d.<\/p>\n<p><strong>\u00abD\u00eda hist\u00f3rico\u00bb<\/strong><\/p>\n<p>Por su parte, Jos\u00e9 Corral\u00a0agradeci\u00f3 la presencia del gobernador \u201cporque las \u00e1reas metropolitanas son una reuni\u00f3n de ciudades bajo un gobierno que nos cobija, como lo es el de la provincia, y por eso es importante su presencia. Creemos que va a ser un aliado en esta iniciativa\u00bb.<\/p>\n<p>Adem\u00e1s, el Intendente capitalino asever\u00f3: \u201cEs un d\u00eda hist\u00f3rico. Tenemos que darle la trascendencia que merece en la regi\u00f3n,\u00a0donde nos reunimos los pares para ser un solo conglomerado, que tiene problemas, preocupaciones, sue\u00f1os y desaf\u00edos que son comunes, que no reconocen los l\u00edmites arbitrarios de nuestras jurisdicciones\u201d. Luego, agreg\u00f3: \u00abTodos tenemos necesidad de coordinaci\u00f3n. La ciudad de Santa Fe necesita trabajar en conjunto, todos somos imprescindibles. Sin la coordinaci\u00f3n, la voluntad y el acuerdo de todos no vamos a poder crecer en conjunto\u201d.<\/p>\n<p>Finalmente, Jos\u00e9 Corral explic\u00f3 que para los pr\u00f3ximos encuentros se ir\u00e1 \u201crotando la sede en los diferentes pueblos y ciudades\u201d. Monte Vera ser\u00e1 sede de la pr\u00f3xima reuni\u00f3n, donde se constituir\u00e1 el Ente y su comisi\u00f3n directiva \u201cpara ser ejecutivos y pr\u00e1cticos en los temas que tenemos que avanzar\u201d, expres\u00f3 el intendente.<\/p>\n<p><strong>\u00abLa intenci\u00f3n clara de potenciarnos entre todos\u00bb<\/strong><\/p>\n<p>Daniela Q\u00fcesta, intendente de Santo Tom\u00e9, tambi\u00e9n destac\u00f3 el encuentro.\u00a0\u201cLa agenda fue abierta y todos pudimos aportan en este nuevo espacio y proponer la incorporaci\u00f3n de nuevas localidades\u201d, se\u00f1al\u00f3 al tiempo que afirm\u00f3 que \u201cvenimos hace muchos a\u00f1os so\u00f1ando en generar instancias metropolitanas y hoy tenemos la Ley como herramienta. Esta primera reuni\u00f3n demostr\u00f3 la intenci\u00f3n clara de participar para potenciarnos entre todos\u201d, sostuvo.<\/p>\n<p>Por su parte, el presidente comunal de Nelson, H\u00e9ctor Leiva, indic\u00f3 que esta propuesta \u201ces un desaf\u00edo porque es una instancia para que los pueblos podamos crecer\u201d. En materia de conectividad, dijo que \u201cel \u00c1rea Metropolitana nos va a llevar a que nos complementemos y nos integremos. Es un paso importante que se haya sancionado esta Ley y que Jos\u00e9 Corral encabece esta iniciativa\u201d, remarco.<\/p>\n<h6>Fuente: el Litoral Santa Fe<\/h6>\n","protected":false},"excerpt":{"rendered":"<p>Se realiz\u00f3 este primer encuentro que tiene como objetivo articular las localidades de la regi\u00f3n para potenciar un desarrollo econ\u00f3mico y social de modo integrado.<\/p>\n","protected":false},"author":2,"featured_media":52539,"comment_status":"closed","ping_status":"closed","sticky":false,"template":"","format":"standard","meta":{"footnotes":""},"categories":[2],"tags":[10],"class_list":["post-52538","post","type-post","status-publish","format-standard","has-post-thumbnail","hentry","category-informe-municipal","tag-santa-fe"],"_links":{"self":[{"href":"http:\/\/argentinamunicipal.com.ar\/argentina\/wp-json\/wp\/v2\/posts\/52538","targetHints":{"allow":["GET"]}}],"collection":[{"href":"http:\/\/argentinamunicipal.com.ar\/argentina\/wp-json\/wp\/v2\/posts"}],"about":[{"href":"http:\/\/argentinamunicipal.com.ar\/argentina\/wp-json\/wp\/v2\/types\/post"}],"author":[{"embeddable":true,"href":"http:\/\/argentinamunicipal.com.ar\/argentina\/wp-json\/wp\/v2\/users\/2"}],"replies":[{"embeddable":true,"href":"http:\/\/argentinamunicipal.com.ar\/argentina\/wp-json\/wp\/v2\/comments?post=52538"}],"version-history":[{"count":0,"href":"http:\/\/argentinamunicipal.com.ar\/argentina\/wp-json\/wp\/v2\/posts\/52538\/revisions"}],"wp:featuredmedia":[{"embeddable":true,"href":"http:\/\/argentinamunicipal.com.ar\/argentina\/wp-json\/wp\/v2\/media\/52539"}],"wp:attachment":[{"href":"http:\/\/argentinamunicipal.com.ar\/argentina\/wp-json\/wp\/v2\/media?parent=52538"}],"wp:term":[{"taxonomy":"category","embeddable":true,"href":"http:\/\/argentinamunicipal.com.ar\/argentina\/wp-json\/wp\/v2\/categories?post=52538"},{"taxonomy":"post_tag","embeddable":true,"href":"http:\/\/argentinamunicipal.com.ar\/argentina\/wp-json\/wp\/v2\/tags?post=52538"}],"curies":[{"name":"wp","href":"https:\/\/api.w.org\/{rel}","templated":true}]}}