{"id":52551,"date":"2016-08-23T05:48:10","date_gmt":"2016-08-23T08:48:10","guid":{"rendered":"http:\/\/argentinamunicipal.com.ar\/argentina\/?p=52551"},"modified":"2016-08-23T07:54:42","modified_gmt":"2016-08-23T10:54:42","slug":"representan-una-amnistia-velada","status":"publish","type":"post","link":"http:\/\/argentinamunicipal.com.ar\/argentina\/representan-una-amnistia-velada\/","title":{"rendered":"\u201cRepresentan una amnist\u00eda velada\u201d"},"content":{"rendered":"<p>Madres, Abuelas, Hijos, Familiares y otras agrupaciones realizaron una conferencia de prensa en la ex ESMA para criticar los fallos que beneficiaron a Etchecolatz y otros condenados por cr\u00edmenes de la \u00faltima dictadura.<\/p>\n<p>\u201cAc\u00e1 estamos los organismos de derechos humanos para demostrar que tenemos memoria.\u201d La presentaci\u00f3n correspondi\u00f3 a la Madre de Plaza de Mayo de la L\u00ednea Fundadora Taty Almeida y sirvi\u00f3 de marco para la conferencia de prensa que \u00e9sa y otras agrupaciones realizaron frente a la sede de la secretar\u00eda de Derechos Humanos en la ex Escuela de Mec\u00e1nica de la Armada para repudiar \u201cun hecho inaudito\u201d: la prisi\u00f3n domiciliaria con la que el tribunal Oral Federal de La Plata benefici\u00f3 al genocida Miguel Etchecolatz, medida que todav\u00eda no se concret\u00f3.<\/p>\n<p>Madres, Abuelas de Plaza de Mayo, Familiares de Desaparecidos y Detenidos por Razones Pol\u00edticas, Hijos, la Asociaci\u00f3n Permanente por los Derechos Humanos (APDH) y la Liga Argentina por los Derechos del Hombre, adem\u00e1s de abogados que intervienen en causas por cr\u00edmenes de lesa humanidad entienden que el otorgamiento del beneficio de la prisi\u00f3n domiciliaria al expolic\u00eda bonaerense que fue durante la \u00faltima dictadura c\u00edvico militar mano derecha del jefe de esa fuerza, Ram\u00f3n Camps, representa una \u201camnist\u00eda velada\u201d para ese y otros genocidas, frente a lo que adelantaron su postura: \u201cComo cantaban los Hijos en los \u00b490, donde no hay justicia, habr\u00e1 escrache\u201d, grit\u00f3 Almeida.<\/p>\n<p>\u201cEn un d\u00eda como hoy \u2013record\u00f3 la Madre, en referencia al aniversario n\u00famero 44 de la Masacre de Trelew\u2013 \u201cvenimos a demostrar que s\u00ed tenemos memoria, esa que le falta al presidente (Mauricio Macri) y a quienes lo acompa\u00f1an. De una vez por todas hay que entender que son delitos de lesa humanidad, no amnistiables. Son delincuentes que no pueden estar en sus casas\u201d, explic\u00f3.<\/p>\n<p>La presidenta de Abuelas de Plaza de Mayo, Estela de Carlotto, calific\u00f3 a Etchecolatz de \u201cpersonaje siniestro\u201d: \u201cLa Justicia sabe quien es, lo juzg\u00f3 y lo conden\u00f3, pero parece que estos son tiempos de considerarlo un pobre viejo que no merece lo que le est\u00e1 pasando\u201d, sospech\u00f3. Tambi\u00e9n critic\u00f3 al secretario de derechos humanos, Claudio Avruj, por hablar \u201ccon los familiares de estos genocidas como si tuvieran derecho a alabar a semejantes deshumanizados\u201d. \u201cNo lo vamos a permitir \u2013advirti\u00f3\u2013. Etchecolatz tiene tantos cr\u00edmenes sobre sus espaldas que es imposible pensar que alg\u00fan d\u00eda lo podamos ver incluso mirando por la ventana desde dentro de su casa. Sostuvo que apelar\u00e1n \u201cal sentido com\u00fan y a la memoria\u201d del Estado y del Poder Judicial y propuso a los organismos presentes \u201cpedirle a (la procuradora, Alejandra) Gils Carb\u00f3 que los fiscales intervengan fuertemente en esto y que nos representen porque los vamos a acompa\u00f1ar\u201d.<\/p>\n<p>Lita Boitano, de Familiares, y Elsa Usandizaga, de la APDH, coincidieron con Almeida y Carlotto en las calificaciones a Etchecolatz y a la situaci\u00f3n actual. \u201cQuiero pedirle a la Secretar\u00eda de Derechos Humanos que acompa\u00f1e las apelaciones\u201d a los pedidos de domiciliaria, sum\u00f3 Boitano. De lo contrario, \u201ccortaremos calles, pediremos ante el ministerio de Justicia. A pesar de tener dolores f\u00edsicos y tener m\u00e1s a\u00f1os, le haremos escraches\u201d, continu\u00f3. El p\u00fablico acompa\u00f1\u00f3 la idea con la canci\u00f3n que ya es s\u00edmbolo de lucha: \u201cA donde vayan los iremos a buscar\u201d. Usandizaga le pidi\u00f3 a Avruj que \u201chaga valer su posici\u00f3n de defensa de los derechos humanos\u201d. Jos\u00e9 Schulman, de la Liga, advirti\u00f3 que la domiciliaria a Etchecolatz forma parte de \u201cuna campa\u00f1a de impunidad que promueve el Gobierno y los jueces a trav\u00e9s de sus operadores en los medios de comunicaci\u00f3n\u201d, frente a la que pidi\u00f3 a los organismos de derechos humanos \u201cir por mucho m\u00e1s, ser persistentes en las causas contra la dirigencia de Acindar, contra (Vicente) Massot, contra (Carlos Pedro) Blaquier y los que se robaron Papel Prensa, para demostrar que este Gobierno es el continuador y heredero de las pol\u00edticas de la \u00faltima dictadura y lo vamos a enfrentar en todos los terrenos\u201d.<\/p>\n<p>Para Pablo Llonto, uno de los tantos abogados que representa a familiares de v\u00edctimas y sobrevivientes de la \u00faltima dictadura c\u00edvico militar que particip\u00f3 de la conferencia el mediod\u00eda de ayer, lo que sucede con las domiciliarias refleja \u201cuna pol\u00edtica de Estado de liberaci\u00f3n de genocidas\u201d frente a la cual \u201chabr\u00e1 que dar la pelea en los tribunales, pero tambi\u00e9n en la calle\u201d. Guadalupe Godoy, querellante en varias de las causas en las que Etchecolatz fue condenado y tambi\u00e9n en las que est\u00e1 siendo investigado, como la de la desaparici\u00f3n de Jorge Julio L\u00f3pez, advirti\u00f3 que \u201clos cambios de criterios en los tribunales tienen que ver con presiones pol\u00edticas que apuntan a hacer lugar a la estrategia de los represores: si seguimos haciendo juicios, que sean con ellos mir\u00e1ndolos desde sus casas\u201d.<\/p>\n<h6>Fuente: Pagina 12<\/h6>\n","protected":false},"excerpt":{"rendered":"<p>Madres, Abuelas, Hijos, Familiares y otras agrupaciones realizaron una conferencia de prensa en la ex ESMA para criticar los fallos que beneficiaron a Etchecolatz y otros condenados por cr\u00edmenes de la \u00faltima dictadura.<\/p>\n","protected":false},"author":2,"featured_media":52552,"comment_status":"closed","ping_status":"closed","sticky":false,"template":"","format":"standard","meta":{"footnotes":""},"categories":[8],"tags":[21],"class_list":["post-52551","post","type-post","status-publish","format-standard","has-post-thumbnail","hentry","category-informe-nacional","tag-argentina"],"_links":{"self":[{"href":"http:\/\/argentinamunicipal.com.ar\/argentina\/wp-json\/wp\/v2\/posts\/52551","targetHints":{"allow":["GET"]}}],"collection":[{"href":"http:\/\/argentinamunicipal.com.ar\/argentina\/wp-json\/wp\/v2\/posts"}],"about":[{"href":"http:\/\/argentinamunicipal.com.ar\/argentina\/wp-json\/wp\/v2\/types\/post"}],"author":[{"embeddable":true,"href":"http:\/\/argentinamunicipal.com.ar\/argentina\/wp-json\/wp\/v2\/users\/2"}],"replies":[{"embeddable":true,"href":"http:\/\/argentinamunicipal.com.ar\/argentina\/wp-json\/wp\/v2\/comments?post=52551"}],"version-history":[{"count":0,"href":"http:\/\/argentinamunicipal.com.ar\/argentina\/wp-json\/wp\/v2\/posts\/52551\/revisions"}],"wp:featuredmedia":[{"embeddable":true,"href":"http:\/\/argentinamunicipal.com.ar\/argentina\/wp-json\/wp\/v2\/media\/52552"}],"wp:attachment":[{"href":"http:\/\/argentinamunicipal.com.ar\/argentina\/wp-json\/wp\/v2\/media?parent=52551"}],"wp:term":[{"taxonomy":"category","embeddable":true,"href":"http:\/\/argentinamunicipal.com.ar\/argentina\/wp-json\/wp\/v2\/categories?post=52551"},{"taxonomy":"post_tag","embeddable":true,"href":"http:\/\/argentinamunicipal.com.ar\/argentina\/wp-json\/wp\/v2\/tags?post=52551"}],"curies":[{"name":"wp","href":"https:\/\/api.w.org\/{rel}","templated":true}]}}