{"id":52560,"date":"2016-08-23T08:06:19","date_gmt":"2016-08-23T11:06:19","guid":{"rendered":"http:\/\/argentinamunicipal.com.ar\/argentina\/?p=52560"},"modified":"2016-08-23T08:06:19","modified_gmt":"2016-08-23T11:06:19","slug":"jujuy-evoca-la-gesta-heroica-del-exodo-jujeno","status":"publish","type":"post","link":"http:\/\/argentinamunicipal.com.ar\/argentina\/jujuy-evoca-la-gesta-heroica-del-exodo-jujeno\/","title":{"rendered":"Jujuy evoca la gesta heroica del \u00c9xodo Juje\u00f1o"},"content":{"rendered":"<p>Una multitud de gauchos y paisanas particip\u00f3 ayer de la tradicional marcha evocativa y la quema simb\u00f3lica del 23 de Agosto.<\/p>\n<p>Hoy se realizar\u00e1n los actos centrales con el desfile c\u00edvico, militar y gaucho en la Ciudad Cultural, desde las 10 de la ma\u00f1ana.<\/p>\n<p>Con marcado fervor patrio, una multitud particip\u00f3 ayer de la tradicional MARCHA EVOCATIVAdel \u00c9XODO JUJE\u00d1O, aquella gesta heroica que forj\u00f3 el pueblo juje\u00f1o hace ya 204 a\u00f1os. Cientos de ni\u00f1os, j\u00f3venes y adultos, vestidos con atuendos de \u00e9poca y con trajes t\u00edpicos, hicieron su paso por las calles de la ciudad recreando la retirada y posterior quema del pueblo.<\/p>\n<p>Una vez m\u00e1s, el pueblo y Gobierno de Jujuy honr\u00f3 a los h\u00e9roes gauchos que forjaron la gesta heroica del 23 de agosto de 1812, hecho hist\u00f3rico de significativa importancia que se cumpli\u00f3 en el marco del proceso independentista que atravesaba entonces el pa\u00eds.<\/p>\n<p>Como ocurre cada a\u00f1o en la v\u00edspera de un nuevo aniversario del \u00c9xodo Juje\u00f1o, cientos de gauchos y paisanas, junto a un gran numero de vecinos de la ciudad, participan de la tradicional marcha evocativa, haciendo su paso a caballo, otros en sulkis, carretas o bien a pie, rememorando as\u00ed la orden dada por el General Belgrano quien entonces, por bando, mand\u00f3 al pueblo juje\u00f1o a retirarse de sus tierras, a fin de frenando el avance de los realistas.<\/p>\n<p>Tal como se hab\u00eda previsto, las agrupaciones gauchas, delegaciones e instituciones se concentraron desde temprano en in mediaciones al parque San Mart\u00edn, para marchar desde all\u00ed por las principales arterias del centro de la ciudad, y desembocar por avenida 19 de abril en el puente Juana Azurduy.<\/p>\n<p>Encabezada por el Ballet Municipal \u00abJuventud Prolongada\u00bb, y la Banda de M\u00fasica Municipal \u00ab19 de Abril\u00bb, la marcha fue desplaz\u00e1ndose hasta llegar al palco oficial, donde el int\u00e9rprete del General Belgrano procedi\u00f3 a la lectura del bando hist\u00f3rico. Con sentimiento patri\u00f3tico y expresando a viva voz el tradicional \u00ab\u00adViva Jujuy!\u00bb, mientras se proced\u00eda a la quema de las chozas en lecho del r\u00edo Xibi-Xibi, hicieron su paso ni\u00f1os, j\u00f3venes y adultos, portando sus pertenencias y acompa\u00f1ados del ganado, elementos del hogar y sus mascotas.<\/p>\n<p>Al finalizar la marcha, en la playa de estacionamiento de avenida 19 de abril se realiz\u00f3 un encuentro de bandas, con la destacada presencia de la banda del Ejercito de Patricios de Buenos Aires.<\/p>\n<p><strong>Un sacrificio por el pa\u00eds<\/strong><br \/>\nLa marcha evocativa cont\u00f3 con la presencia del gobernador de la provincia, Gerardo Morales, del ministro del Interior de la Naci\u00f3n, Rogelio Frigerio, y dem\u00e1s funcionarios provinciales y municipales. En la oportunidad Frigerio ponder\u00f3 la gesta del \u00c9xodo Juje\u00f1o \u00aby el inconmensurable aporte del pueblo juje\u00f1o a la independencia, la libertad y la g\u00e9nesis de este pa\u00eds federal\u00bb, al tiempo que dejo entrever su admiraci\u00f3n por el pueblo juje\u00f1o \u00abpor el sacrificio que hicieron por el pa\u00eds\u00bb.<\/p>\n<h6>Fuente: El Tribuno Jujuy<\/h6>\n","protected":false},"excerpt":{"rendered":"<p>Una multitud de gauchos y paisanas particip\u00f3 ayer de la tradicional marcha evocativa y la quema simb\u00f3lica del 23 de Agosto.<\/p>\n","protected":false},"author":2,"featured_media":52561,"comment_status":"closed","ping_status":"closed","sticky":false,"template":"","format":"standard","meta":{"footnotes":""},"categories":[47],"tags":[25],"class_list":["post-52560","post","type-post","status-publish","format-standard","has-post-thumbnail","hentry","category-fiestas","tag-jujuy"],"_links":{"self":[{"href":"http:\/\/argentinamunicipal.com.ar\/argentina\/wp-json\/wp\/v2\/posts\/52560","targetHints":{"allow":["GET"]}}],"collection":[{"href":"http:\/\/argentinamunicipal.com.ar\/argentina\/wp-json\/wp\/v2\/posts"}],"about":[{"href":"http:\/\/argentinamunicipal.com.ar\/argentina\/wp-json\/wp\/v2\/types\/post"}],"author":[{"embeddable":true,"href":"http:\/\/argentinamunicipal.com.ar\/argentina\/wp-json\/wp\/v2\/users\/2"}],"replies":[{"embeddable":true,"href":"http:\/\/argentinamunicipal.com.ar\/argentina\/wp-json\/wp\/v2\/comments?post=52560"}],"version-history":[{"count":0,"href":"http:\/\/argentinamunicipal.com.ar\/argentina\/wp-json\/wp\/v2\/posts\/52560\/revisions"}],"wp:featuredmedia":[{"embeddable":true,"href":"http:\/\/argentinamunicipal.com.ar\/argentina\/wp-json\/wp\/v2\/media\/52561"}],"wp:attachment":[{"href":"http:\/\/argentinamunicipal.com.ar\/argentina\/wp-json\/wp\/v2\/media?parent=52560"}],"wp:term":[{"taxonomy":"category","embeddable":true,"href":"http:\/\/argentinamunicipal.com.ar\/argentina\/wp-json\/wp\/v2\/categories?post=52560"},{"taxonomy":"post_tag","embeddable":true,"href":"http:\/\/argentinamunicipal.com.ar\/argentina\/wp-json\/wp\/v2\/tags?post=52560"}],"curies":[{"name":"wp","href":"https:\/\/api.w.org\/{rel}","templated":true}]}}