{"id":52569,"date":"2016-08-23T08:22:07","date_gmt":"2016-08-23T11:22:07","guid":{"rendered":"http:\/\/argentinamunicipal.com.ar\/argentina\/?p=52569"},"modified":"2016-08-23T08:22:07","modified_gmt":"2016-08-23T11:22:07","slug":"ahora-mas-10-mil-pymes-van-la-justicia-frenar-tarifazo-gas","status":"publish","type":"post","link":"http:\/\/argentinamunicipal.com.ar\/argentina\/ahora-mas-10-mil-pymes-van-la-justicia-frenar-tarifazo-gas\/","title":{"rendered":"Ahora m\u00e1s de 10 mil pymes van a la Justicia para frenar el tarifazo de gas"},"content":{"rendered":"<p>Tras el fallo de la Corte Suprema que s\u00f3lo alcanza a usuarios residenciales y los dej\u00f3 afuera, la peque\u00f1as y medianas empresas quieren el mismo beneficio.<\/p>\n<p>La Confederaci\u00f3n General Empresaria de la Rep\u00fablica Argentina (Cgera), que agrupa m\u00e1s de 10 mil pymes, ir\u00e1 a la Justicia en una presentaci\u00f3n colectiva para ser beneficiados como lo fueron los usuarios residentes con el fallo de la Corte Suprema.<\/p>\n<p>La C\u00e1mara saldr\u00e1 a dar batalla judicial contra el Gobierno por el fallo mantuvo el aumento para las empresas, seg\u00fan inform\u00f3 el diario BAE.<\/p>\n<p>En Cgera son 60 c\u00e1maras y m\u00e1s de 10.000 empresas: se encuentran la C\u00e1mara Industrial de las Manufacturas del Cuero (CIMA); la C\u00e1mara de la Industria del Calzado; la Asociaci\u00f3n de Importadores y Exportadores de la Argentina (AIERA); y un conjunto de entidades que representan a peque\u00f1as y medianas industrias electr\u00f3nicas; de fricci\u00f3n; fabricantes de guantes, gorros, bufandas y afines; la Asociaci\u00f3n Empresaria de la provincia de C\u00f3rdoba; la C\u00e1mara Argentina de Empresas de la Industria del Sweater; muebles, tapicer\u00edas; indumentaria para beb\u00e9s y ni\u00f1os (Caybin); proveedores de la industria del calzado; industrias \u00f3pticas; laboratorios nucleados en la c\u00e1mara Cooperala; y fabricantes de la industria ferroviaria, y tintas gr\u00e1ficas, entre otros miembros, describi\u00f3 el matutino econ\u00f3mico.<\/p>\n<p>La semana pasada, Cgera emiti\u00f3 un comunicado en el que afirm\u00f3: \u00abCelebramos que los usuarios residenciales, que son los que en definitiva consumen nuestros productos, vuelvan a recuperar algo de poder adquisitivo, pero claramente no entendemos por qu\u00e9 las empresas pymes quedaron afuera ya que somos justamente quienes generamos el 80% del empleo\u00bb. Y agreg\u00f3: \u00abEl fallo de la Corte es injusto en t\u00e9rminos de haber dejado a las Pymes afuera\u00bb.<\/p>\n<h6>Fuente: Tucum\u00e1n Hoy<\/h6>\n","protected":false},"excerpt":{"rendered":"<p>Tras el fallo de la Corte Suprema que s\u00f3lo alcanza a usuarios residenciales y los dej\u00f3 afuera, la peque\u00f1as y medianas empresas quieren el mismo beneficio.<\/p>\n","protected":false},"author":2,"featured_media":52570,"comment_status":"closed","ping_status":"closed","sticky":false,"template":"","format":"standard","meta":{"footnotes":""},"categories":[8],"tags":[21],"class_list":["post-52569","post","type-post","status-publish","format-standard","has-post-thumbnail","hentry","category-informe-nacional","tag-argentina"],"_links":{"self":[{"href":"http:\/\/argentinamunicipal.com.ar\/argentina\/wp-json\/wp\/v2\/posts\/52569","targetHints":{"allow":["GET"]}}],"collection":[{"href":"http:\/\/argentinamunicipal.com.ar\/argentina\/wp-json\/wp\/v2\/posts"}],"about":[{"href":"http:\/\/argentinamunicipal.com.ar\/argentina\/wp-json\/wp\/v2\/types\/post"}],"author":[{"embeddable":true,"href":"http:\/\/argentinamunicipal.com.ar\/argentina\/wp-json\/wp\/v2\/users\/2"}],"replies":[{"embeddable":true,"href":"http:\/\/argentinamunicipal.com.ar\/argentina\/wp-json\/wp\/v2\/comments?post=52569"}],"version-history":[{"count":0,"href":"http:\/\/argentinamunicipal.com.ar\/argentina\/wp-json\/wp\/v2\/posts\/52569\/revisions"}],"wp:featuredmedia":[{"embeddable":true,"href":"http:\/\/argentinamunicipal.com.ar\/argentina\/wp-json\/wp\/v2\/media\/52570"}],"wp:attachment":[{"href":"http:\/\/argentinamunicipal.com.ar\/argentina\/wp-json\/wp\/v2\/media?parent=52569"}],"wp:term":[{"taxonomy":"category","embeddable":true,"href":"http:\/\/argentinamunicipal.com.ar\/argentina\/wp-json\/wp\/v2\/categories?post=52569"},{"taxonomy":"post_tag","embeddable":true,"href":"http:\/\/argentinamunicipal.com.ar\/argentina\/wp-json\/wp\/v2\/tags?post=52569"}],"curies":[{"name":"wp","href":"https:\/\/api.w.org\/{rel}","templated":true}]}}