{"id":52587,"date":"2016-08-23T08:42:44","date_gmt":"2016-08-23T11:42:44","guid":{"rendered":"http:\/\/argentinamunicipal.com.ar\/argentina\/?p=52587"},"modified":"2016-08-23T08:42:44","modified_gmt":"2016-08-23T11:42:44","slug":"sin-esperanzas-pais-mejore","status":"publish","type":"post","link":"http:\/\/argentinamunicipal.com.ar\/argentina\/sin-esperanzas-pais-mejore\/","title":{"rendered":"Sin esperanzas de que el pa\u00eds mejore"},"content":{"rendered":"<p>Un 39% cree que no habr\u00e1 mejoras y un 22% que podr\u00eda empeorar.<\/p>\n<p>El 61 por ciento de los porte\u00f1os cree que la econom\u00eda del pa\u00eds se mantendr\u00e1 igual o empeorar\u00e1 durante el \u00faltimo cuatrimestre del a\u00f1o, de acuerdo con un sondeo difundido en la jornada de ayer.<\/p>\n<p>\u00abEl optimismo respecto de la econom\u00eda es bajo\u00bb, seg\u00fan la \u00faltima encuesta del Centro de Opini\u00f3n P\u00fablica (Copub) de la Universidad de Belgrano.<\/p>\n<p>Ese relevamiento -realizado sobre 620 casos durante la primera semana de agosto- arroj\u00f3 que apenas el 28 por ciento de los encuestados considera que la econom\u00eda va a mejorar en lo que resta del segundo semestre.<\/p>\n<p>En tanto, el 39 por ciento eval\u00faa que se va a mantener igual; el 22 por ciento cree que podr\u00eda empeorar, mientras que el 11 por ciento restante no revel\u00f3 sus expectativas.<\/p>\n<p>\u00abEste resultado indica una falta de se\u00f1ales perceptibles para la poblaci\u00f3n, al menos por ahora, en cuanto a una potencial recuperaci\u00f3n\u00bb, explic\u00f3 en declaraciones a la prensa el director del Centro de Opini\u00f3n P\u00fablica, Orlando D\u00bbAdamo.<\/p>\n<h6>Fuente: El tribuno<\/h6>\n","protected":false},"excerpt":{"rendered":"<p>Un 39% cree que no habr\u00e1 mejoras y un 22% que podr\u00eda empeorar.<\/p>\n","protected":false},"author":2,"featured_media":52588,"comment_status":"closed","ping_status":"closed","sticky":false,"template":"","format":"standard","meta":{"footnotes":""},"categories":[8],"tags":[21],"class_list":["post-52587","post","type-post","status-publish","format-standard","has-post-thumbnail","hentry","category-informe-nacional","tag-argentina"],"_links":{"self":[{"href":"http:\/\/argentinamunicipal.com.ar\/argentina\/wp-json\/wp\/v2\/posts\/52587","targetHints":{"allow":["GET"]}}],"collection":[{"href":"http:\/\/argentinamunicipal.com.ar\/argentina\/wp-json\/wp\/v2\/posts"}],"about":[{"href":"http:\/\/argentinamunicipal.com.ar\/argentina\/wp-json\/wp\/v2\/types\/post"}],"author":[{"embeddable":true,"href":"http:\/\/argentinamunicipal.com.ar\/argentina\/wp-json\/wp\/v2\/users\/2"}],"replies":[{"embeddable":true,"href":"http:\/\/argentinamunicipal.com.ar\/argentina\/wp-json\/wp\/v2\/comments?post=52587"}],"version-history":[{"count":0,"href":"http:\/\/argentinamunicipal.com.ar\/argentina\/wp-json\/wp\/v2\/posts\/52587\/revisions"}],"wp:featuredmedia":[{"embeddable":true,"href":"http:\/\/argentinamunicipal.com.ar\/argentina\/wp-json\/wp\/v2\/media\/52588"}],"wp:attachment":[{"href":"http:\/\/argentinamunicipal.com.ar\/argentina\/wp-json\/wp\/v2\/media?parent=52587"}],"wp:term":[{"taxonomy":"category","embeddable":true,"href":"http:\/\/argentinamunicipal.com.ar\/argentina\/wp-json\/wp\/v2\/categories?post=52587"},{"taxonomy":"post_tag","embeddable":true,"href":"http:\/\/argentinamunicipal.com.ar\/argentina\/wp-json\/wp\/v2\/tags?post=52587"}],"curies":[{"name":"wp","href":"https:\/\/api.w.org\/{rel}","templated":true}]}}