{"id":52602,"date":"2016-08-25T06:00:00","date_gmt":"2016-08-25T09:00:00","guid":{"rendered":"http:\/\/argentinamunicipal.com.ar\/argentina\/?p=52602"},"modified":"2016-08-25T06:38:33","modified_gmt":"2016-08-25T09:38:33","slug":"lanus-la-ucr-la-problematica-la-inseguridad-se-acentuo-la-gestion-grindetti","status":"publish","type":"post","link":"http:\/\/argentinamunicipal.com.ar\/argentina\/lanus-la-ucr-la-problematica-la-inseguridad-se-acentuo-la-gestion-grindetti\/","title":{"rendered":"Lan\u00fas: Para la UCR, \u00abla problem\u00e1tica de la inseguridad se acentu\u00f3\u00bb durante la gesti\u00f3n Grindetti"},"content":{"rendered":"<p>La Uni\u00f3n C\u00edvica Radical de Lan\u00fas asegur\u00f3 hoy que \u00abla problem\u00e1tica de la inseguridad se acentu\u00f3\u00bb durante la gesti\u00f3n del intendente N\u00e9stor Grindetti. Las cr\u00edticas surgen luego de numerosos cr\u00edmenes que conmovieron a la ciudad.<\/p>\n<p>El Comit\u00e9 de la Uni\u00f3n C\u00edvica Radical de Lan\u00fas elabor\u00f3 hoy\u00a0un duro comunicado contra la \u00abproblem\u00e1tica de la inseguridad\u00bb que atraviesa el pa\u00eds y, m\u00e1s precisamente, el distrito que integra. En pocos p\u00e1rrafos los radicales precisaron la \u00abmulticausalidad\u00bb de la complicada situaci\u00f3n que se vive \u00abdesde hace\u00a0d\u00e9cadas\u00bb. En este sentido, si bien reconocieron que \u00ablas nuevas autoridades municipales\u00bb expresan \u00abvoluntad\u00bb al respecto, \u00abla problem\u00e1tica se acentu\u00f3\u00bb durante la actual gesti\u00f3n.<\/p>\n<p>\u00abLos lanusenses sabemos lo que es vivir con miedo\u00bb, precisaron los referentes del hist\u00f3rico partido a trav\u00e9s de un comunicado que lleva la firma de su titular, Nicol\u00e1s Teodosi\u00fa. Es que tan s\u00f3lo en los \u00faltimos meses trascendieron numerosos casos que conmovieron a la ciudad e incluso al pa\u00eds, como el crimen de Nicol\u00e1s Gamboni, un joven de\u00a024 a\u00f1os, al que mataron para robarle el celular.<\/p>\n<p>En este sentido, los radicales, que integran la alianza Cambiemos a nivel bonaerense, pero no el Gobierno de Grindetti, dijeron que \u00abla responsabilidad\u00bb de la inseguridad \u00abes compartida en los tres niveles del Estado ya que el origen del problema es multicausal\u00bb.<\/p>\n<p>\u00abA pesar de la voluntad que expresan las nuevas autoridades municipales, la problem\u00e1tica lejos est\u00e1 de revestirse sino que se acentu\u00f3. Los funcionarios a cargo de la seguridad no han mostrado aun suficiencia para abordar una problem\u00e1tica que no puede esperar el largo plazo, porque est\u00e1 en riesgo la vida de nuestras familias\u00bb, criticaron al recordar que \u00abla inseguridad que padecemos no tiene como \u00fanica causa el\u00a0d\u00e9ficit en el uso de la fuerza por parte del Estado\u00bb sino que tambi\u00e9n en \u00abla inequitativa distribuci\u00f3n de la riqueza, la desigualdad y la ineficaz respuesta y escasez de recursos con los que cuentan tanto las fuerzas de seguridad como el Poder Judicial\u00bb.<\/p>\n<p>Por otra parte, y seg\u00fan pudo saber este medio, son numerosos los boinas blancas los que apuntan conta las \u00abdificultades de gesti\u00f3n\u00bb, sobre todo\u00a0contra la Secretar\u00eda de Seguridad que dirige el ex legislador porte\u00f1o Diego Kravetz. Parte de las cr\u00edticas centrales en este aspecto giran en torno a que \u00abhay que mejorar el p\u00e9simo sistema de monitoreo y las fuerzas de protecci\u00f3n ciudadana que no sirven de mucho\u00bb. \u00abEl entorno de Lan\u00fas facilita el delito porque el estado de dejadez de la comuna es grande: desde la mala iluminaci\u00f3n hasta el abandono que da la sensaci\u00f3n de ser una tierra de nadie\u00bb, lanzaron.<\/p>\n<h6>Fuente: InfoCielo<\/h6>\n","protected":false},"excerpt":{"rendered":"<p>La Uni\u00f3n C\u00edvica Radical de Lan\u00fas asegur\u00f3 hoy que \u00abla problem\u00e1tica de la inseguridad se acentu\u00f3\u00bb durante la gesti\u00f3n del intendente N\u00e9stor Grindetti. Las cr\u00edticas surgen luego de numerosos cr\u00edmenes que conmovieron a la ciudad.<\/p>\n","protected":false},"author":2,"featured_media":52603,"comment_status":"closed","ping_status":"closed","sticky":false,"template":"","format":"standard","meta":{"footnotes":""},"categories":[4],"tags":[12],"class_list":["post-52602","post","type-post","status-publish","format-standard","has-post-thumbnail","hentry","category-informe-politico","tag-buenos-aires"],"_links":{"self":[{"href":"http:\/\/argentinamunicipal.com.ar\/argentina\/wp-json\/wp\/v2\/posts\/52602","targetHints":{"allow":["GET"]}}],"collection":[{"href":"http:\/\/argentinamunicipal.com.ar\/argentina\/wp-json\/wp\/v2\/posts"}],"about":[{"href":"http:\/\/argentinamunicipal.com.ar\/argentina\/wp-json\/wp\/v2\/types\/post"}],"author":[{"embeddable":true,"href":"http:\/\/argentinamunicipal.com.ar\/argentina\/wp-json\/wp\/v2\/users\/2"}],"replies":[{"embeddable":true,"href":"http:\/\/argentinamunicipal.com.ar\/argentina\/wp-json\/wp\/v2\/comments?post=52602"}],"version-history":[{"count":0,"href":"http:\/\/argentinamunicipal.com.ar\/argentina\/wp-json\/wp\/v2\/posts\/52602\/revisions"}],"wp:featuredmedia":[{"embeddable":true,"href":"http:\/\/argentinamunicipal.com.ar\/argentina\/wp-json\/wp\/v2\/media\/52603"}],"wp:attachment":[{"href":"http:\/\/argentinamunicipal.com.ar\/argentina\/wp-json\/wp\/v2\/media?parent=52602"}],"wp:term":[{"taxonomy":"category","embeddable":true,"href":"http:\/\/argentinamunicipal.com.ar\/argentina\/wp-json\/wp\/v2\/categories?post=52602"},{"taxonomy":"post_tag","embeddable":true,"href":"http:\/\/argentinamunicipal.com.ar\/argentina\/wp-json\/wp\/v2\/tags?post=52602"}],"curies":[{"name":"wp","href":"https:\/\/api.w.org\/{rel}","templated":true}]}}