{"id":52636,"date":"2016-08-25T07:20:38","date_gmt":"2016-08-25T10:20:38","guid":{"rendered":"http:\/\/argentinamunicipal.com.ar\/argentina\/?p=52636"},"modified":"2016-08-25T07:20:38","modified_gmt":"2016-08-25T10:20:38","slug":"presupuesto-participativo-rio-cuarto-se-pone-marcha-miercoles-31","status":"publish","type":"post","link":"http:\/\/argentinamunicipal.com.ar\/argentina\/presupuesto-participativo-rio-cuarto-se-pone-marcha-miercoles-31\/","title":{"rendered":"El Presupuesto Participativo en R\u00edo Cuarto se pone en marcha el mi\u00e9rcoles 31"},"content":{"rendered":"<p>La primera reuni\u00f3n se realizar\u00e1 en Banda Norte y el 5 y 6 de septiembre ser\u00e1 en Alberdi y el Centro. El programa afectar\u00e1 el 1% del proyecto de gastos y recursos para 2017. Fue presentado por Llamosas<\/p>\n<p>Tras ser presentado ayer oficialmente en el Sal\u00f3n Blanco de la Municipalidad, el Presupuesto Participativo se pondr\u00e1 en marcha el mi\u00e9rcoles 31 en Banda Norte.<\/p>\n<p>Lo dijo ayer a PUNTAL el\u00a0 secretario de Gobierno Abierto y Modernizaci\u00f3n, Guillermo de Rivas.<\/p>\n<p>El lanzamiento del programa de gobierno fue encabezado por el intendente Juan Manuel Llamosas.<\/p>\n<p>Estuvieron presentes legisladores provinciales, concejales, tribunos de cuentas y p\u00fablico en general.<\/p>\n<p>El Presupuesto Participativo afectar\u00e1 el 1 por ciento del Presupuesto 2017, se extender\u00e1 desde este mes y hasta diciembre pr\u00f3ximo y abarcar\u00e1 cinco sectores de la ciudad: Banda Norte, Alberdi, Sur, Oeste y Centro.<\/p>\n<p>Las tem\u00e1ticas ser\u00e1n Salud, Educaci\u00f3n, Desarrollo Social y Econ\u00f3mico, Obras, Tr\u00e1nsito y Seguridad y Servicios.<\/p>\n<p>\u201cHoy (por ayer) estamos presentando el Presupuesto Participativo. Es una continuidad de lo que hicimos en la campa\u00f1a con los 700 vecinos que nos acompa\u00f1aron y las 80 urnas que colocamos en distintos sectores barriales\u201d, se\u00f1al\u00f3 Llamosas. Y a\u00f1adi\u00f3: \u201cLa implementaci\u00f3n de este programa se har\u00e1 en distintas etapas\u201d.<\/p>\n<p>\u201cR\u00edo Cuarto necesita mecanismos de participaci\u00f3n\u201d, sostuvo.<\/p>\n<p>Por su parte, De Rivas expres\u00f3 que \u201cponer en marcha este desaf\u00edo institucional implica comprometer a los vecinos a participar de la toma de decisiones en la inversi\u00f3n del Estado en el mejoramiento de cada uno de los sectores de la ciudad\u201d.<\/p>\n<p>-\u00bfCu\u00e1les son las fechas de inicio de este programa?-, pregunt\u00f3 PUNTAL.<br \/>\n-Primero vamos a tener reuniones con instituciones. Vamos a comenzar el 31 de agosto en Banda Norte, el 5 de septiembre en Alberdi y el 6 de ese mes en el Centro. La idea es concientizar y comprometer a las instituciones, como las organizaciones intermedias, en colaborar para, a trav\u00e9s de los intereses de ellos, plasmar sus inquietudes para llegar a las asambleas barriales en las que van a participar todos los vecinos.<\/p>\n<p><strong>\u201cHerramienta necesaria\u201d<\/strong><\/p>\n<p>\u201cCreemos que esta participaci\u00f3n ciudadana es necesaria para que se sienten los funcionarios con los vecinos y las instituciones para dialogar y hacer diagn\u00f3sticos de los distintos sectores\u201d, precis\u00f3.<\/p>\n<p>Y acot\u00f3: \u201cPor el otro lado, invita a los vecinos para que en forma mancomunada y conjunta puedan decidir y consensuar lo que son las propuestas que mejoran sus sectores\u201d.<\/p>\n<p>\u201cQueremos que los vecinos pasen desde la idea a una propuesta que se pueda canalizar con el presupuesto municipal el a\u00f1o que viene\u201d, puntualiz\u00f3.<\/p>\n<p>-\u00bfCu\u00e1l es el porcentaje del Presupuesto 2017 que se va a afectar?<br \/>\n-Se va a afectar el 1 por ciento del total del presupuesto de la Municipalidad. Hay que recordar que ya hay una importante masa del Municipio que tiene su presupuesto, con lo cual la incidencia del 1 por ciento repercute fuertemente en el poder de decisi\u00f3n. Con el actual presupuesto, estamos hablando de 17 millones de pesos, que se va a ampliar con el pr\u00f3ximo (proyecto de gastos y recursos).<\/p>\n<h6>Fuente: Puntal<\/h6>\n","protected":false},"excerpt":{"rendered":"<p>La primera reuni\u00f3n se realizar\u00e1 en Banda Norte y el 5 y 6 de septiembre ser\u00e1 en Alberdi y el Centro. El programa afectar\u00e1 el 1% del proyecto de gastos y recursos para 2017. Fue presentado por Llamosas<\/p>\n","protected":false},"author":2,"featured_media":52637,"comment_status":"closed","ping_status":"closed","sticky":false,"template":"","format":"standard","meta":{"footnotes":""},"categories":[2],"tags":[3],"class_list":["post-52636","post","type-post","status-publish","format-standard","has-post-thumbnail","hentry","category-informe-municipal","tag-cordoba"],"_links":{"self":[{"href":"http:\/\/argentinamunicipal.com.ar\/argentina\/wp-json\/wp\/v2\/posts\/52636","targetHints":{"allow":["GET"]}}],"collection":[{"href":"http:\/\/argentinamunicipal.com.ar\/argentina\/wp-json\/wp\/v2\/posts"}],"about":[{"href":"http:\/\/argentinamunicipal.com.ar\/argentina\/wp-json\/wp\/v2\/types\/post"}],"author":[{"embeddable":true,"href":"http:\/\/argentinamunicipal.com.ar\/argentina\/wp-json\/wp\/v2\/users\/2"}],"replies":[{"embeddable":true,"href":"http:\/\/argentinamunicipal.com.ar\/argentina\/wp-json\/wp\/v2\/comments?post=52636"}],"version-history":[{"count":0,"href":"http:\/\/argentinamunicipal.com.ar\/argentina\/wp-json\/wp\/v2\/posts\/52636\/revisions"}],"wp:featuredmedia":[{"embeddable":true,"href":"http:\/\/argentinamunicipal.com.ar\/argentina\/wp-json\/wp\/v2\/media\/52637"}],"wp:attachment":[{"href":"http:\/\/argentinamunicipal.com.ar\/argentina\/wp-json\/wp\/v2\/media?parent=52636"}],"wp:term":[{"taxonomy":"category","embeddable":true,"href":"http:\/\/argentinamunicipal.com.ar\/argentina\/wp-json\/wp\/v2\/categories?post=52636"},{"taxonomy":"post_tag","embeddable":true,"href":"http:\/\/argentinamunicipal.com.ar\/argentina\/wp-json\/wp\/v2\/tags?post=52636"}],"curies":[{"name":"wp","href":"https:\/\/api.w.org\/{rel}","templated":true}]}}