{"id":52639,"date":"2016-08-25T05:27:31","date_gmt":"2016-08-25T08:27:31","guid":{"rendered":"http:\/\/argentinamunicipal.com.ar\/argentina\/?p=52639"},"modified":"2016-08-25T07:30:00","modified_gmt":"2016-08-25T10:30:00","slug":"aporte-la-ciudad-encuentro-internacional-cambio-climatico-ecuador","status":"publish","type":"post","link":"http:\/\/argentinamunicipal.com.ar\/argentina\/aporte-la-ciudad-encuentro-internacional-cambio-climatico-ecuador\/","title":{"rendered":"Un aporte de la Ciudad para el encuentro internacional sobre cambio clim\u00e1tico en Ecuador"},"content":{"rendered":"<p>El cambio clim\u00e1tico y los distintos programas de adaptaci\u00f3n y mitigaci\u00f3n al calentamiento global son dos de los ejes en torno a los cuales giran las exposiciones del Tercer Encuentro de Responsables Ambientales deAm\u00e9rica Latina y el Caribe que se est\u00e1 realizando en la ciudad ecuatoriana de Guayaquil.<\/p>\n<p>El encuentro es organizado por una organizaci\u00f3n no gubernamental platense, la Fundaci\u00f3n Bi\u00f3sfera, junto a la Universidad Nacional mayor deSan Marcos, de Lima, Per\u00fa.<\/p>\n<p>Seg\u00fan indic\u00f3 ayer a este diario Horacio de Bel\u00e1ustegui, presidente de Bi\u00f3sfera y presente en el encuentro de Ecuador, una de la caracter\u00edsticas de la reuni\u00f3n es que \u201clos gobiernos locales, regionales, los organismos multilaterales de asistencia t\u00e9cnica y financiera y de la sociedad civil organizada, apoyan y creen indispensable el impulso y los puentes que se crean en el trabajo mancomunado de este encuentro que permite la informaci\u00f3n para esa asistencia\u201d.<\/p>\n<p>Seg\u00fan indic\u00f3 de Bel\u00e1ustegui \u201cpor otro lado, los programas que se desarrollan en ciudades y localidades en nuestra Am\u00e9rica Latina y el Caribe presentan sus resultados y necesidades. Precisamente, la mayor\u00eda de ellos son exitosos y son modelos para ser copiados\u201d.<\/p>\n<p>Del encuentro participan ejecutivos de la Agencia Francesa del Desarrollo y 48 responsables ambientales de distintas ciudades y regiones de Am\u00e9rica Latina y el Caribe.<\/p>\n<p>Como se sabe, la Fundaci\u00f3n Bi\u00f3sfera es representante de la sociedad civil en las cumbres por el cambio clim\u00e1tico, en las que act\u00faa como veedora.<\/p>\n<h6>Fuente: El D\u00eda<\/h6>\n","protected":false},"excerpt":{"rendered":"<p>El cambio clim\u00e1tico y los distintos programas de adaptaci\u00f3n y mitigaci\u00f3n al calentamiento global son dos de los ejes en torno a los cuales giran las exposiciones del Tercer Encuentro de Responsables Ambientales de Am\u00e9rica Latina y el Caribe <\/p>\n","protected":false},"author":2,"featured_media":52640,"comment_status":"closed","ping_status":"closed","sticky":false,"template":"","format":"standard","meta":{"footnotes":""},"categories":[2],"tags":[12],"class_list":["post-52639","post","type-post","status-publish","format-standard","has-post-thumbnail","hentry","category-informe-municipal","tag-buenos-aires"],"_links":{"self":[{"href":"http:\/\/argentinamunicipal.com.ar\/argentina\/wp-json\/wp\/v2\/posts\/52639","targetHints":{"allow":["GET"]}}],"collection":[{"href":"http:\/\/argentinamunicipal.com.ar\/argentina\/wp-json\/wp\/v2\/posts"}],"about":[{"href":"http:\/\/argentinamunicipal.com.ar\/argentina\/wp-json\/wp\/v2\/types\/post"}],"author":[{"embeddable":true,"href":"http:\/\/argentinamunicipal.com.ar\/argentina\/wp-json\/wp\/v2\/users\/2"}],"replies":[{"embeddable":true,"href":"http:\/\/argentinamunicipal.com.ar\/argentina\/wp-json\/wp\/v2\/comments?post=52639"}],"version-history":[{"count":0,"href":"http:\/\/argentinamunicipal.com.ar\/argentina\/wp-json\/wp\/v2\/posts\/52639\/revisions"}],"wp:featuredmedia":[{"embeddable":true,"href":"http:\/\/argentinamunicipal.com.ar\/argentina\/wp-json\/wp\/v2\/media\/52640"}],"wp:attachment":[{"href":"http:\/\/argentinamunicipal.com.ar\/argentina\/wp-json\/wp\/v2\/media?parent=52639"}],"wp:term":[{"taxonomy":"category","embeddable":true,"href":"http:\/\/argentinamunicipal.com.ar\/argentina\/wp-json\/wp\/v2\/categories?post=52639"},{"taxonomy":"post_tag","embeddable":true,"href":"http:\/\/argentinamunicipal.com.ar\/argentina\/wp-json\/wp\/v2\/tags?post=52639"}],"curies":[{"name":"wp","href":"https:\/\/api.w.org\/{rel}","templated":true}]}}