{"id":5266,"date":"2014-03-31T08:11:14","date_gmt":"2014-03-31T11:11:14","guid":{"rendered":"http:\/\/argentinamunicipal.com.ar\/argentina\/?p=5266"},"modified":"2014-03-30T12:15:12","modified_gmt":"2014-03-30T15:15:12","slug":"corrientes-intendentes-del-fpv-debatieron-de-energia-y-gestiones-ante-nacion","status":"publish","type":"post","link":"http:\/\/argentinamunicipal.com.ar\/argentina\/corrientes-intendentes-del-fpv-debatieron-de-energia-y-gestiones-ante-nacion\/","title":{"rendered":"Corrientes: Intendentes del FPV debatieron de energ\u00eda y gestiones ante Naci\u00f3n"},"content":{"rendered":"<p><a href=\"http:\/\/argentinamunicipal.com.ar\/argentina\/wp-content\/uploads\/2014\/03\/292018.jpg\"><img loading=\"lazy\" decoding=\"async\" class=\"aligncenter size-full wp-image-5267\" alt=\"292018\" src=\"http:\/\/argentinamunicipal.com.ar\/argentina\/wp-content\/uploads\/2014\/03\/292018.jpg\" width=\"718\" height=\"538\" srcset=\"http:\/\/argentinamunicipal.com.ar\/argentina\/wp-content\/uploads\/2014\/03\/292018.jpg 718w, http:\/\/argentinamunicipal.com.ar\/argentina\/wp-content\/uploads\/2014\/03\/292018-300x224.jpg 300w\" sizes=\"auto, (max-width: 718px) 100vw, 718px\" \/><\/a><\/p>\n<p>El encuentro permiti\u00f3 acordar acciones comunes para gestionar ante el Gobierno provincial y la Presidencia de la Naci\u00f3n, obras y mejoras para sus comunas. Tambi\u00e9n aspiran a tener una reuni\u00f3n con Daniel Scioli cuando visite la provincia.<\/p>\n<p>Veintisiete intendentes del Frente Para la Victoria acordaron avanzar en gestiones ante el Gobierno nacional para lograr inversi\u00f3n en obras p\u00fablicas, insistieron en la necesidad de dar soluciones al problema de la provisi\u00f3n de energ\u00eda y adelantaron que buscar\u00e1n una entrevista con el gobernador bonaerense, Daniel Scioli, para avanzar en di\u00e1logos de integraci\u00f3n.<\/p>\n<p>La reuni\u00f3n del Foro de Intendente del FPV se hizo en la Municipalidad de Mercedes, el intendente anfitri\u00f3n destac\u00f3 que se analizaron los recortes sufridos por varias comunas gobernadas por dirigentes de esa extracci\u00f3n pol\u00edtica, pero que los temas puestos en la agenda \u201ctienen que ver con la soluci\u00f3n de los problemas de la gente\u201d.<\/p>\n<p>Tambi\u00e9n se conform\u00f3 la Mesa Ejecutiva, del Foro integrada por el jefe comunal de Santo Tom\u00e9, V\u00edctor Daniel Giraud; de Curuz\u00fa Cuati\u00e1, Ernesto Gabriel Dom\u00ednguez; de Goya, Gerardo Horacio Bassi; de Perugorr\u00eda, Angelina Lesieux.<\/p>\n<p>Tambi\u00e9n fueron de la partida Fabi\u00e1n R\u00edos (Corrientes), Vilma Ojeda (San Isidro), Ernesto Dom\u00ednguez (Curuz\u00fa Cuati\u00e1), Angelina Lesieux (Perugorr\u00eda), Ra\u00fal Ca\u00f1ete (Pueblo Libertador), Jos\u00e9 Sananez (Santa Lucia), Jos\u00e9 Verges (Cruz De Los Milagros), Miguel \u00c1ngel P\u00e9rez (Gobernador Mart\u00ednez), Elvio Osuna (Parada Pucheta), Teresa Monz\u00f3n (Bonpland), Ricardo Valenzuela (San Luis Del Palmar), Valent\u00edn Aguirre (Herlitzka), Oscar Mieres (Empedrado), Mar\u00eda Acevedo (Mantilla), Evaristo Franco (Chavarr\u00eda), entre otros.<\/p>\n<h6>Fuente: Diario Epoca<\/h6>\n","protected":false},"excerpt":{"rendered":"<p>El encuentro permiti\u00f3 acordar acciones comunes para gestionar ante el Gobierno provincial y la Presidencia de la Naci\u00f3n, obras y mejoras para sus comunas. Tambi\u00e9n aspiran a tener una reuni\u00f3n con Daniel Scioli cuando visite la provincia. Veintisiete intendentes del Frente Para la Victoria acordaron avanzar en gestiones ante el Gobierno nacional para lograr inversi\u00f3n<\/p>\n","protected":false},"author":2,"featured_media":5267,"comment_status":"closed","ping_status":"closed","sticky":false,"template":"","format":"standard","meta":{"footnotes":""},"categories":[4],"tags":[13],"class_list":["post-5266","post","type-post","status-publish","format-standard","has-post-thumbnail","hentry","category-informe-politico","tag-corrientes"],"_links":{"self":[{"href":"http:\/\/argentinamunicipal.com.ar\/argentina\/wp-json\/wp\/v2\/posts\/5266","targetHints":{"allow":["GET"]}}],"collection":[{"href":"http:\/\/argentinamunicipal.com.ar\/argentina\/wp-json\/wp\/v2\/posts"}],"about":[{"href":"http:\/\/argentinamunicipal.com.ar\/argentina\/wp-json\/wp\/v2\/types\/post"}],"author":[{"embeddable":true,"href":"http:\/\/argentinamunicipal.com.ar\/argentina\/wp-json\/wp\/v2\/users\/2"}],"replies":[{"embeddable":true,"href":"http:\/\/argentinamunicipal.com.ar\/argentina\/wp-json\/wp\/v2\/comments?post=5266"}],"version-history":[{"count":0,"href":"http:\/\/argentinamunicipal.com.ar\/argentina\/wp-json\/wp\/v2\/posts\/5266\/revisions"}],"wp:featuredmedia":[{"embeddable":true,"href":"http:\/\/argentinamunicipal.com.ar\/argentina\/wp-json\/wp\/v2\/media\/5267"}],"wp:attachment":[{"href":"http:\/\/argentinamunicipal.com.ar\/argentina\/wp-json\/wp\/v2\/media?parent=5266"}],"wp:term":[{"taxonomy":"category","embeddable":true,"href":"http:\/\/argentinamunicipal.com.ar\/argentina\/wp-json\/wp\/v2\/categories?post=5266"},{"taxonomy":"post_tag","embeddable":true,"href":"http:\/\/argentinamunicipal.com.ar\/argentina\/wp-json\/wp\/v2\/tags?post=5266"}],"curies":[{"name":"wp","href":"https:\/\/api.w.org\/{rel}","templated":true}]}}