{"id":52701,"date":"2016-08-26T06:58:08","date_gmt":"2016-08-26T09:58:08","guid":{"rendered":"http:\/\/argentinamunicipal.com.ar\/argentina\/?p=52701"},"modified":"2016-08-26T06:58:08","modified_gmt":"2016-08-26T09:58:08","slug":"senado-santafesino-aprobo-programa-equipar-santa-fe","status":"publish","type":"post","link":"http:\/\/argentinamunicipal.com.ar\/argentina\/senado-santafesino-aprobo-programa-equipar-santa-fe\/","title":{"rendered":"Senado santafesino aprob\u00f3 El Programa \u201cEQUIPAR Santa Fe\u201d"},"content":{"rendered":"<p>Tiene el objetivo de \u00abpromover y facilitar el crecimiento, ampliaci\u00f3n y renovaci\u00f3n de la dotaci\u00f3n de rodados, maquinarias y otros equipos de uso habitual pertenecientes a los Municipios y Comunas\u00bb.<\/p>\n<p>La C\u00e1mara de Senadores de la Provincia de Santa Fe, aprob\u00f3 con modificaciones la creaci\u00f3n del Programa \u00abEQUIPAR Santa Fe\u00bb, proveniente de la C\u00e1mara de Diputados con media sanci\u00f3n (Mensaje 4455) del Poder Ejecutivo, por el cual se autoriza a concretar operaciones por $ 1000 millones; con el objetivo de \u00abpromover y facilitar el crecimiento, ampliaci\u00f3n y renovaci\u00f3n de la dotaci\u00f3n de rodados, maquinarias, herramientas, medios de transporte y otros equipos de uso habitual pertenecientes a los Municipios y Comunas de la Provincia\u00bb.<\/p>\n<p>El senador Felipe Michlig (Pte. del bloque del FPCYS) explic\u00f3 que desde una visi\u00f3n territorial amplia que tenemos desde el cuerpo de esta c\u00e1mara y el contacto permanente con los Presidentes Comunales e Intendentes, decidimos incorporar algunas modificaciones para tratar de contribuir a enriquecer el mensaje del PE, al que valoramos totalmente en su esp\u00edritu\u00bb.<\/p>\n<p><strong>Equipar incluye a las 364 localidades de la Provincia<\/strong><br \/>\nEl legislador explic\u00f3 al momento de fundamentar el voto positivo del Bloque del FPCyS que \u00abEl Programa &#8216;EQUIPAR Santa Fe&#8217;, consiste en la compra centralizada y a escala de dicho equipamiento por parte del Estado Provincial mediante el procedimiento de contrataci\u00f3n que establece la Ley N\u00ba 12.510 y su posterior adjudicaci\u00f3n a los 364 Municipios y Comunas, a partir de operaciones de financiamiento por hasta un monto total de $1.000.000.000 (Pesos Mil Millones)\u00bb.<\/p>\n<p>Los Municipios y Comunas podr\u00e1n acceder al Programa de acuerdo a las siguientes condiciones en cuanto a la forma de pago: Comunas de 3 miembros: 72 meses; Comunas de 5 miembros: 60 meses; y Municipios de Primera y Segunda Categor\u00eda: 24 meses. \u00abA su vez la Provincia se garantiza la operaci\u00f3n con los fondos de coparticipaci\u00f3n o de las ley 12.385\u00bb.<\/p>\n<p>Permitir\u00e1 optimizar los servicios p\u00fablicos<br \/>\nA su vez el miembro informante del oficialismo indic\u00f3 que \u00abEQUIPAR es m\u00e1s importante que el Fondo de Obras Menores, en cuanto al monto y porque incluye a todos los Municipios y Comunas, incluidos Santa Fe y Rosario. Permitir\u00e1 bridar mejores servicios p\u00fablicos en zonas urbanas y en zonas rurales en infraestructura h\u00eddrica y vial. Tambi\u00e9n se beneficiar\u00e1n las econom\u00edas regionales y actividades econ\u00f3micas relacionadas a la fabricaci\u00f3n y comercializaci\u00f3n de los bienes a adquirir\u00bb.<\/p>\n<p>Se incluir\u00e1n prioritariamente entre los mismos: veh\u00edculos automotores, pick ups, utilitarios, camiones y equipos de recolecci\u00f3n de residuos; motoniveladoras de 120 HP de potencia como m\u00ednimo, tractores de 100 HP de potencia como m\u00ednimo, retroexcavadoras y niveladoras de arrastre; tanques para montar y de arrastre, desmalezadoras, hidroelevadores y acopados; \u00f3mnibus y minibuses.<\/p>\n<p><strong>El Recuerdo de Sylvestre Begnis<\/strong><br \/>\nFinalmente el legislador por el departamento San Crist\u00f3bal agreg\u00f3 que desde la \u00faltima gobernaci\u00f3n de Sylvestre Begnis no se piensa en una pol\u00edtica territorialmente amplia para el recambio y dotaci\u00f3n de los parques automotores de municipios y comunas, seg\u00fan nos manifiestan algunos memoriosos y tambi\u00e9n algunos Intendentes y Ptes. Comunales; con lo cual este Programa permitir\u00e1 complementariamente al FOM y el PROMUDI dotarlos de todo el equipamiento necesario para responder a la demandas ciudadanas\u00bb, finaliz\u00f3 Michlig.<\/p>\n<h6>Fuente: Sin Mordaza<\/h6>\n","protected":false},"excerpt":{"rendered":"<p>Tiene el objetivo de \u00abpromover y facilitar el crecimiento, ampliaci\u00f3n y renovaci\u00f3n de la dotaci\u00f3n de rodados, maquinarias y otros equipos de uso habitual pertenecientes a los Municipios y Comunas\u00bb.<\/p>\n","protected":false},"author":2,"featured_media":52702,"comment_status":"closed","ping_status":"closed","sticky":false,"template":"","format":"standard","meta":{"footnotes":""},"categories":[2],"tags":[10],"class_list":["post-52701","post","type-post","status-publish","format-standard","has-post-thumbnail","hentry","category-informe-municipal","tag-santa-fe"],"_links":{"self":[{"href":"http:\/\/argentinamunicipal.com.ar\/argentina\/wp-json\/wp\/v2\/posts\/52701","targetHints":{"allow":["GET"]}}],"collection":[{"href":"http:\/\/argentinamunicipal.com.ar\/argentina\/wp-json\/wp\/v2\/posts"}],"about":[{"href":"http:\/\/argentinamunicipal.com.ar\/argentina\/wp-json\/wp\/v2\/types\/post"}],"author":[{"embeddable":true,"href":"http:\/\/argentinamunicipal.com.ar\/argentina\/wp-json\/wp\/v2\/users\/2"}],"replies":[{"embeddable":true,"href":"http:\/\/argentinamunicipal.com.ar\/argentina\/wp-json\/wp\/v2\/comments?post=52701"}],"version-history":[{"count":0,"href":"http:\/\/argentinamunicipal.com.ar\/argentina\/wp-json\/wp\/v2\/posts\/52701\/revisions"}],"wp:featuredmedia":[{"embeddable":true,"href":"http:\/\/argentinamunicipal.com.ar\/argentina\/wp-json\/wp\/v2\/media\/52702"}],"wp:attachment":[{"href":"http:\/\/argentinamunicipal.com.ar\/argentina\/wp-json\/wp\/v2\/media?parent=52701"}],"wp:term":[{"taxonomy":"category","embeddable":true,"href":"http:\/\/argentinamunicipal.com.ar\/argentina\/wp-json\/wp\/v2\/categories?post=52701"},{"taxonomy":"post_tag","embeddable":true,"href":"http:\/\/argentinamunicipal.com.ar\/argentina\/wp-json\/wp\/v2\/tags?post=52701"}],"curies":[{"name":"wp","href":"https:\/\/api.w.org\/{rel}","templated":true}]}}