{"id":52711,"date":"2016-08-26T07:28:50","date_gmt":"2016-08-26T10:28:50","guid":{"rendered":"http:\/\/argentinamunicipal.com.ar\/argentina\/?p=52711"},"modified":"2016-08-26T07:28:50","modified_gmt":"2016-08-26T10:28:50","slug":"preocupa-gualeguaychu-supuesto-aval-macri-la-instalacion-una-nueva-pastera-uruguay","status":"publish","type":"post","link":"http:\/\/argentinamunicipal.com.ar\/argentina\/preocupa-gualeguaychu-supuesto-aval-macri-la-instalacion-una-nueva-pastera-uruguay\/","title":{"rendered":"Preocupa a Gualeguaych\u00fa el supuesto aval de Macri a la instalaci\u00f3n de una nueva pastera en Uruguay"},"content":{"rendered":"<p>El integrante de la Asamblea Ambiental Ciudadana de Gualeguaych\u00fa, Juan Veronesi, manifest\u00f3 su \u201cpreocupaci\u00f3n\u201d por las declaraciones del presidente de Uruguay, Tabar\u00e9 V\u00e1zquez, quien dijo que tiene el aval de Mauricio Macri para que se instale una nueva pastera en el vecino pa\u00eds \u2022 Este mi\u00e9rcoles por la noche la organizaci\u00f3n ambiental se re\u00fane y analizar\u00e1 el tema, dijo a APFDigital<\/p>\n<p>El presidente de Uruguay, Tabar\u00e9 V\u00e1zquez, anunci\u00f3 este martes la ubicaci\u00f3n en la que se emplazar\u00eda una nueva planta papelera y se\u00f1al\u00f3 que su par argentino, Mauricio Macri, le dio el benepl\u00e1cito a la misma.\u00a0 \u201cHabl\u00e9 personalmente con el presidente Mauricio Macri de este tema para informarlo de la eventual instalaci\u00f3n de esta planta productora de pasta de celulosa\u00bb, dijo el mandatario uruguayo, y agreg\u00f3: \u201cDebo decir que la recepci\u00f3n que dio el se\u00f1or presidente de Argentina fue excelente, fue muy buena, y hemos acordado que no van a existir inconvenientes por parte de Argentina con Uruguay por la instalaci\u00f3n de este nuevo emprendimiento\u201d.<\/p>\n<p>Esto alarm\u00f3 a la poblaci\u00f3n de Gualeguaych\u00fa. \u201cEl problema es que se instalar\u00eda sobre la margen del R\u00edo Negro, que desemboca en el Uruguay\u201d, dijo Veronesi.<\/p>\n<p>\u201cEn este caso se deber\u00eda aplicar el Estatuto del R\u00edo Uruguay y el pa\u00eds vecino (en este caso Argentina) deber\u00eda dar su\u00a0 consentimiento, y parece que ya lo dio\u201d, agreg\u00f3.<\/p>\n<p>Tras afirmar que \u201cno hubo respuestas\u201d al pedido de audiencia que se le realiz\u00f3 a lacanciller Susana Malcorra, el asamble\u00edsta inform\u00f3 que este mi\u00e9rcoles por la noche se re\u00fane la Asamblea de Gualeguaych\u00fa analizar\u00e1 lo que est\u00e1 sucediendo.<\/p>\n<p>\u201cEs preocupante lo que est\u00e1 pasando y es probable que se decida hacer un pedido formal de explicaciones a Macri para que confirme o rectifique lo que supuestamente le dijo a Tabar\u00e9\u201d, sostuvo.<\/p>\n<p>Consultado por esta Agencia, no descart\u00f3 la posibilidad que se pueda reabrir el conflicto con el vecino pa\u00eds: \u201cNo s\u00e9 qu\u00e9 pasar\u00e1\u201d, manifest\u00f3.<\/p>\n<hr \/>\n<h3>La Municipalidad de Gualeguaych\u00fa rechaz\u00f3 la instalaci\u00f3n de una nueva papelera<\/h3>\n<p>Ante la confirmaci\u00f3n de medios uruguayos de la instalaci\u00f3n de una nueva planta productora de celulosa en Uruguay, la Municipalidad de Gualeguaych\u00fa rechaz\u00f3 la decisi\u00f3n<\/p>\n<p>\u201cRepudiamos la instalaci\u00f3n de una nueva planta productora de celulosa que tendr\u00e1 mayor capacidad de producci\u00f3n que la ya instalada en Fray Bentos. Con esta decisi\u00f3n, el gobierno uruguayo incumple una vez m\u00e1s el fallo de la Corte Internacional de La Haya, ya que este estableci\u00f3 que el conflicto no se agrave y recomend\u00f3 no volver a actuar de mala fe, as\u00ed como fue dispuesta la vigilancia integral y continua del funcionamiento de la planta de Botnia y de su impacto en el r\u00edo Uruguay, y a\u00fan no fue cumplida\u201d, destac\u00f3 el intendente Mart\u00edn Piaggio.<\/p>\n<p>\u201cDesde el Gobierno local asumimos el compromiso, y queremos hacerlo conjuntamente con el hermano pueblo uruguayo, de llevar adelante pol\u00edticas p\u00fablicas activas en funci\u00f3n de garantizar los derechos de los ciudadanos, como lo es el derecho soberano de vivir en un ambiente sano y libre de contaminaci\u00f3n. Reivindicamos nuestra posici\u00f3n de estar siempre parados bajo la visi\u00f3n de la patria grande y la unidad latinoamericana\u201d, finaliz\u00f3 Piaggio.<\/p>\n<h6>Fuente: APF Digital<\/h6>\n","protected":false},"excerpt":{"rendered":"<p>El integrante de la Asamblea Ambiental Ciudadana de Gualeguaych\u00fa, manifest\u00f3 su \u201cpreocupaci\u00f3n\u201d por las declaraciones del presidente de Uruguay, quien dijo que tiene el aval de Mauricio Macri para que se instale una nueva pastera en el vecino pa\u00eds<\/p>\n","protected":false},"author":2,"featured_media":52712,"comment_status":"closed","ping_status":"closed","sticky":false,"template":"","format":"standard","meta":{"footnotes":""},"categories":[2],"tags":[17],"class_list":["post-52711","post","type-post","status-publish","format-standard","has-post-thumbnail","hentry","category-informe-municipal","tag-entre-rios"],"_links":{"self":[{"href":"http:\/\/argentinamunicipal.com.ar\/argentina\/wp-json\/wp\/v2\/posts\/52711","targetHints":{"allow":["GET"]}}],"collection":[{"href":"http:\/\/argentinamunicipal.com.ar\/argentina\/wp-json\/wp\/v2\/posts"}],"about":[{"href":"http:\/\/argentinamunicipal.com.ar\/argentina\/wp-json\/wp\/v2\/types\/post"}],"author":[{"embeddable":true,"href":"http:\/\/argentinamunicipal.com.ar\/argentina\/wp-json\/wp\/v2\/users\/2"}],"replies":[{"embeddable":true,"href":"http:\/\/argentinamunicipal.com.ar\/argentina\/wp-json\/wp\/v2\/comments?post=52711"}],"version-history":[{"count":0,"href":"http:\/\/argentinamunicipal.com.ar\/argentina\/wp-json\/wp\/v2\/posts\/52711\/revisions"}],"wp:featuredmedia":[{"embeddable":true,"href":"http:\/\/argentinamunicipal.com.ar\/argentina\/wp-json\/wp\/v2\/media\/52712"}],"wp:attachment":[{"href":"http:\/\/argentinamunicipal.com.ar\/argentina\/wp-json\/wp\/v2\/media?parent=52711"}],"wp:term":[{"taxonomy":"category","embeddable":true,"href":"http:\/\/argentinamunicipal.com.ar\/argentina\/wp-json\/wp\/v2\/categories?post=52711"},{"taxonomy":"post_tag","embeddable":true,"href":"http:\/\/argentinamunicipal.com.ar\/argentina\/wp-json\/wp\/v2\/tags?post=52711"}],"curies":[{"name":"wp","href":"https:\/\/api.w.org\/{rel}","templated":true}]}}