{"id":52726,"date":"2016-08-26T08:06:08","date_gmt":"2016-08-26T11:06:08","guid":{"rendered":"http:\/\/argentinamunicipal.com.ar\/argentina\/?p=52726"},"modified":"2016-08-26T08:06:08","modified_gmt":"2016-08-26T11:06:08","slug":"544-los-argentinos-desaprueba-la-gestion-macri","status":"publish","type":"post","link":"http:\/\/argentinamunicipal.com.ar\/argentina\/544-los-argentinos-desaprueba-la-gestion-macri\/","title":{"rendered":"El 54,4% de los argentinos desaprueba la gesti\u00f3n Macri"},"content":{"rendered":"<p>La consultora Ricardo Rouvier &amp; Asociados realiz\u00f3 una encuesta telef\u00f3nica en todo el pa\u00eds que revel\u00f3 que el 54,4% de los llamados afirma que la gesti\u00f3n de Mauricio Macri es negativa. Adem\u00e1s, en el informe se revela que por primera vez desde que asumi\u00f3 como presidente, la opini\u00f3n negativa de la imagen del mandatario supera a la positiva.<\/p>\n<p>La encuesta fue publicada hoy por el diario porte\u00f1o Tiempo Argentino.<\/p>\n<p>Entre el 17 y el 21 de agosto la consultora realiz\u00f3 1200 encuestas a lo largo y a lo ancho del pa\u00eds. Fueron entrevistas telef\u00f3nicas y se trabaj\u00f3 con una muestra representativa de la poblaci\u00f3n, tomando en cuenta la distribuci\u00f3n de los habitantes y la estructura social del \u00e1rea. El resultado demostr\u00f3 que el 54,4 por ciento de los entrevistados tiene una opini\u00f3n negativa sobre la gesti\u00f3n de Mauricio Macri y un 44,8 opina a favor.<\/p>\n<p>De ese 54,4 por ciento de los entrevistados que opin\u00f3 en contra de la gesti\u00f3n del presidente, un 37,2 afirm\u00f3 que la considera como \u201cmala o muy mala\u201d, mientras que un 17,2 la califica como \u201cregular o mala\u201d. Seg\u00fan la encuestadora, los motivos de la baja en los porcentajes se deben, entre otras cosas, al aumento de tarifas y el posterior fallo de la Corte Suprema anulando lo actuado por el gobierno.<\/p>\n<p>Otro dato que inquiet\u00f3 a los encuestadores es que Macri tiene un 50,6% de imagen negativa, n\u00famero que por primera vez es superior a la positiva, que lleg\u00f3 al 47. As\u00ed, en el lapso de los \u00faltimos dos meses la opini\u00f3n sobre Macri descendi\u00f3 alrededor de diez puntos porcentuales, mientras que la negativa creci\u00f3 en doce.<\/p>\n<p>Dentro de los que contestaron en forma negativa cuando les consultaron sobre la imagen del presidente, un 38,9% asegur\u00f3 que califica la imagen como \u201cmala o muy mala\u201d, mientras que un 11,7 afirm\u00f3 que la describe como \u201cregular o mala\u201d. Entre los que dijeron que Macri tiene una imagen positiva, el 29,9% expres\u00f3 que tiene una \u201cmuy buena o buena\u201d imagen y un 17,1 afirm\u00f3 que el presidente tiene una \u201cregular o buena\u201d imagen. El 2,4%, en cambio, contest\u00f3 que no sabe.<\/p>\n<p>El contraste en los n\u00fameros con el paso de los meses fue notable: la imagen positiva de Macri en diciembre era del 71,3% y pas\u00f3 al 47, mientras que en ese mismo mes la negativa era del 39,5 y ahora es del 50,6.<\/p>\n<h6>Fuente: ADN<\/h6>\n","protected":false},"excerpt":{"rendered":"<p>La consultora Ricardo Rouvier &amp; Asociados realiz\u00f3 una encuesta telef\u00f3nica en todo el pa\u00eds que revel\u00f3 que el 54,4% de los llamados afirma que la gesti\u00f3n de Mauricio Macri es negativa.<\/p>\n","protected":false},"author":2,"featured_media":52727,"comment_status":"closed","ping_status":"closed","sticky":false,"template":"","format":"standard","meta":{"footnotes":""},"categories":[8],"tags":[21],"class_list":["post-52726","post","type-post","status-publish","format-standard","has-post-thumbnail","hentry","category-informe-nacional","tag-argentina"],"_links":{"self":[{"href":"http:\/\/argentinamunicipal.com.ar\/argentina\/wp-json\/wp\/v2\/posts\/52726","targetHints":{"allow":["GET"]}}],"collection":[{"href":"http:\/\/argentinamunicipal.com.ar\/argentina\/wp-json\/wp\/v2\/posts"}],"about":[{"href":"http:\/\/argentinamunicipal.com.ar\/argentina\/wp-json\/wp\/v2\/types\/post"}],"author":[{"embeddable":true,"href":"http:\/\/argentinamunicipal.com.ar\/argentina\/wp-json\/wp\/v2\/users\/2"}],"replies":[{"embeddable":true,"href":"http:\/\/argentinamunicipal.com.ar\/argentina\/wp-json\/wp\/v2\/comments?post=52726"}],"version-history":[{"count":0,"href":"http:\/\/argentinamunicipal.com.ar\/argentina\/wp-json\/wp\/v2\/posts\/52726\/revisions"}],"wp:featuredmedia":[{"embeddable":true,"href":"http:\/\/argentinamunicipal.com.ar\/argentina\/wp-json\/wp\/v2\/media\/52727"}],"wp:attachment":[{"href":"http:\/\/argentinamunicipal.com.ar\/argentina\/wp-json\/wp\/v2\/media?parent=52726"}],"wp:term":[{"taxonomy":"category","embeddable":true,"href":"http:\/\/argentinamunicipal.com.ar\/argentina\/wp-json\/wp\/v2\/categories?post=52726"},{"taxonomy":"post_tag","embeddable":true,"href":"http:\/\/argentinamunicipal.com.ar\/argentina\/wp-json\/wp\/v2\/tags?post=52726"}],"curies":[{"name":"wp","href":"https:\/\/api.w.org\/{rel}","templated":true}]}}